{"id":108860,"date":"2019-08-06T15:45:37","date_gmt":"2019-08-06T18:45:37","guid":{"rendered":"http:\/\/www.caririemacao.com\/1\/?p=108860"},"modified":"2019-08-06T15:45:37","modified_gmt":"2019-08-06T18:45:37","slug":"bolsonaro-assiste-a-inauguracao-de-planta-farmoquimica-oncologica","status":"publish","type":"post","link":"https:\/\/www.caririemacao.com\/1\/2019\/08\/06\/bolsonaro-assiste-a-inauguracao-de-planta-farmoquimica-oncologica\/","title":{"rendered":"Bolsonaro assiste \u00e0 inaugura\u00e7\u00e3o de planta farmoqu\u00edmica oncol\u00f3gica"},"content":{"rendered":"\n<p>\u00a0O presidente Jair Bolsonaro participou hoje (6) da inaugura\u00e7\u00e3o da nova planta de farmoqu\u00edmica oncol\u00f3gica do grupo Crist\u00e1lia, em Itapira, no interior de S\u00e3o Paulo. A nova unidade industrial do laborat\u00f3rio vai produzir seis diferentes insumos farmac\u00eauticos ativos de alta pot\u00eancia, que ser\u00e3o utilizados para a produ\u00e7\u00e3o de medicamentos para o tratamento de adenomas, c\u00e2ncer de mama, pulm\u00e3o, medula, ossos e c\u00e9rebro.<\/p>\n\n\n\n<p>Durante a cerim\u00f4nia, Bolsonaro parabenizou Ogari de Castro Pacheco, cofundador do laborat\u00f3rio, pela coragem de erguer o empreendimento e ressaltou a import\u00e2ncia do desenvolvimento de tecnologias no pa\u00eds. \u201cO pa\u00eds que n\u00e3o det\u00e9m tecnologia esta condenado a ser escravo daqueles outros pa\u00edses que a det\u00e9m\u201d, disse.<\/p>\n\n\n\n<p>De acordo com o grupo Crist\u00e1lia, o Brasil hoje importa 100% dos insumos para a produ\u00e7\u00e3o de medicamentos contra o c\u00e2ncer. O laborat\u00f3rio j\u00e1 conta com uma planta farmac\u00eautica oncol\u00f3gica, que produz o medicamento final que chega a pacientes e hospitais. Mas, para a produ\u00e7\u00e3o desses medicamentos, era obrigado a importar os insumos.<\/p>\n\n\n\n<p>Ap\u00f3s a cerim\u00f4nia, o presidente retorna a Bras\u00edlia, onde, ainda hoje, cumpre agenda no Pal\u00e1cio do Planalto e participa do lan\u00e7amento do Festival de Tambaqui da Amaz\u00f4nia, no Sebrae Nacional.<\/p>\n","protected":false},"excerpt":{"rendered":"<p>\u00a0O presidente Jair Bolsonaro participou hoje (6) da inaugura\u00e7\u00e3o da nova planta de farmoqu\u00edmica oncol\u00f3gica do grupo Crist\u00e1lia, em Itapira, no interior de S\u00e3o Paulo.&hellip; <\/p>\n","protected":false},"author":1,"featured_media":105823,"comment_status":"closed","ping_status":"closed","sticky":false,"template":"","format":"standard","meta":{"sfsi_plus_gutenberg_text_before_share":"","sfsi_plus_gutenberg_show_text_before_share":"","sfsi_plus_gutenberg_icon_type":"","sfsi_plus_gutenberg_icon_alignemt":"","sfsi_plus_gutenburg_max_per_row":"","footnotes":""},"categories":[11],"tags":[],"class_list":["post-108860","post","type-post","status-publish","format-standard","has-post-thumbnail","hentry","category-politica"],"_links":{"self":[{"href":"https:\/\/www.caririemacao.com\/1\/wp-json\/wp\/v2\/posts\/108860","targetHints":{"allow":["GET"]}}],"collection":[{"href":"https:\/\/www.caririemacao.com\/1\/wp-json\/wp\/v2\/posts"}],"about":[{"href":"https:\/\/www.caririemacao.com\/1\/wp-json\/wp\/v2\/types\/post"}],"author":[{"embeddable":true,"href":"https:\/\/www.caririemacao.com\/1\/wp-json\/wp\/v2\/users\/1"}],"replies":[{"embeddable":true,"href":"https:\/\/www.caririemacao.com\/1\/wp-json\/wp\/v2\/comments?post=108860"}],"version-history":[{"count":1,"href":"https:\/\/www.caririemacao.com\/1\/wp-json\/wp\/v2\/posts\/108860\/revisions"}],"predecessor-version":[{"id":108861,"href":"https:\/\/www.caririemacao.com\/1\/wp-json\/wp\/v2\/posts\/108860\/revisions\/108861"}],"wp:featuredmedia":[{"embeddable":true,"href":"https:\/\/www.caririemacao.com\/1\/wp-json\/wp\/v2\/media\/105823"}],"wp:attachment":[{"href":"https:\/\/www.caririemacao.com\/1\/wp-json\/wp\/v2\/media?parent=108860"}],"wp:term":[{"taxonomy":"category","embeddable":true,"href":"https:\/\/www.caririemacao.com\/1\/wp-json\/wp\/v2\/categories?post=108860"},{"taxonomy":"post_tag","embeddable":true,"href":"https:\/\/www.caririemacao.com\/1\/wp-json\/wp\/v2\/tags?post=108860"}],"curies":[{"name":"wp","href":"https:\/\/api.w.org\/{rel}","templated":true}]}}