{"id":108865,"date":"2019-08-06T15:49:58","date_gmt":"2019-08-06T18:49:58","guid":{"rendered":"http:\/\/www.caririemacao.com\/1\/?p=108865"},"modified":"2019-08-06T15:49:58","modified_gmt":"2019-08-06T18:49:58","slug":"alunos-e-professores-do-cec-educacional-participam-de-um-dos-maiores-congressos-de-radiologia-do-nordeste","status":"publish","type":"post","link":"https:\/\/www.caririemacao.com\/1\/2019\/08\/06\/alunos-e-professores-do-cec-educacional-participam-de-um-dos-maiores-congressos-de-radiologia-do-nordeste\/","title":{"rendered":"Alunos e professores do CEC EDUCACIONAL participam de um dos maiores congressos de radiologia do Nordeste"},"content":{"rendered":"\n<p>Uma comitiva do CEC EDUCACIONAL participou ativamente do CRR 2019- Congresso de Radiologia do Recife, um dos eventos mais conceituados da \u00e1rea em todo o Nordeste.<br>Estiveram presentes a coordenadora do curso de radiologia CEC, professora Aninha Formiga, acompanhada do professor Lucas Emanoel e alunos do curso t\u00e9cnico em radiologia.<\/p>\n\n\n\n<figure class=\"wp-block-image\"><a href=\"https:\/\/scontent.fcpv1-1.fna.fbcdn.net\/v\/t1.0-9\/67973313_2412952645651999_6633211877797134336_n.jpg?_nc_cat=104&amp;_nc_eui2=AeH0PUv8GOHnCqvQNy-FypfG4RpEsIJTLjR9_JN8QJQY_qpBzCCoqlXIvpo3khA4lCI1QuVsBdND_PeZGXeUSxr9KCUEdTgKrAFdG9dZ9zD_bA&amp;_nc_oc=AQluZT7IN2IPafFMoLZU0RBuo3oJydz3zffd2twMh-4C-QSajrD4MGqcEylLbUzS_5E&amp;_nc_ht=scontent.fcpv1-1.fna&amp;oh=5ea4c95693430c9c9584896bd339d493&amp;oe=5DEEB15A\"><img decoding=\"async\" data-src=\"https:\/\/scontent.fcpv1-1.fna.fbcdn.net\/v\/t1.0-9\/67973313_2412952645651999_6633211877797134336_n.jpg?_nc_cat=104&amp;_nc_eui2=AeH0PUv8GOHnCqvQNy-FypfG4RpEsIJTLjR9_JN8QJQY_qpBzCCoqlXIvpo3khA4lCI1QuVsBdND_PeZGXeUSxr9KCUEdTgKrAFdG9dZ9zD_bA&amp;_nc_oc=AQluZT7IN2IPafFMoLZU0RBuo3oJydz3zffd2twMh-4C-QSajrD4MGqcEylLbUzS_5E&amp;_nc_ht=scontent.fcpv1-1.fna&amp;oh=5ea4c95693430c9c9584896bd339d493&amp;oe=5DEEB15A\" alt=\"A imagem pode conter: 2 pessoas, pessoas sorrindo, pessoas em p\u00c3\u00a9\" src=\"data:image\/svg+xml;base64,PHN2ZyB3aWR0aD0iMSIgaGVpZ2h0PSIxIiB4bWxucz0iaHR0cDovL3d3dy53My5vcmcvMjAwMC9zdmciPjwvc3ZnPg==\" class=\"lazyload\" \/><\/a><\/figure>\n\n\n\n<p>A participa\u00e7\u00e3o dos alunos demonstra a metodologia do curso aplicada no CEC de forma din\u00e2mica e com vivencias importantes para os alunos.<br>Na ocasi\u00e3o, a coordenadora do curso, professora Aninha aproveitou para manter contatos e promover o II Simp\u00f3sio de Radiologia de Monteiro que ocorrer\u00e1 nos dia 09 e 10 de Novembro.<br>O Simp\u00f3sio que ser\u00e1 promovido com apoio total do CEC EDUCACONAL contar\u00e1 com a presen\u00e7a do Tecn\u00f3logo em Radiologia, especializado em Radioterapia Wellington Oliveira, bem como m\u00e9dicos radiologistas e Ortopedistas e outros profissionais da \u00e1rea.<\/p>\n","protected":false},"excerpt":{"rendered":"<p>Uma comitiva do CEC EDUCACIONAL participou ativamente do CRR 2019- Congresso de Radiologia do Recife, um dos eventos mais conceituados da \u00e1rea em todo o&hellip; <\/p>\n","protected":false},"author":1,"featured_media":39719,"comment_status":"closed","ping_status":"closed","sticky":false,"template":"","format":"standard","meta":{"sfsi_plus_gutenberg_text_before_share":"","sfsi_plus_gutenberg_show_text_before_share":"","sfsi_plus_gutenberg_icon_type":"","sfsi_plus_gutenberg_icon_alignemt":"","sfsi_plus_gutenburg_max_per_row":"","footnotes":""},"categories":[14],"tags":[],"class_list":["post-108865","post","type-post","status-publish","format-standard","has-post-thumbnail","hentry","category-educacao"],"_links":{"self":[{"href":"https:\/\/www.caririemacao.com\/1\/wp-json\/wp\/v2\/posts\/108865","targetHints":{"allow":["GET"]}}],"collection":[{"href":"https:\/\/www.caririemacao.com\/1\/wp-json\/wp\/v2\/posts"}],"about":[{"href":"https:\/\/www.caririemacao.com\/1\/wp-json\/wp\/v2\/types\/post"}],"author":[{"embeddable":true,"href":"https:\/\/www.caririemacao.com\/1\/wp-json\/wp\/v2\/users\/1"}],"replies":[{"embeddable":true,"href":"https:\/\/www.caririemacao.com\/1\/wp-json\/wp\/v2\/comments?post=108865"}],"version-history":[{"count":1,"href":"https:\/\/www.caririemacao.com\/1\/wp-json\/wp\/v2\/posts\/108865\/revisions"}],"predecessor-version":[{"id":108866,"href":"https:\/\/www.caririemacao.com\/1\/wp-json\/wp\/v2\/posts\/108865\/revisions\/108866"}],"wp:featuredmedia":[{"embeddable":true,"href":"https:\/\/www.caririemacao.com\/1\/wp-json\/wp\/v2\/media\/39719"}],"wp:attachment":[{"href":"https:\/\/www.caririemacao.com\/1\/wp-json\/wp\/v2\/media?parent=108865"}],"wp:term":[{"taxonomy":"category","embeddable":true,"href":"https:\/\/www.caririemacao.com\/1\/wp-json\/wp\/v2\/categories?post=108865"},{"taxonomy":"post_tag","embeddable":true,"href":"https:\/\/www.caririemacao.com\/1\/wp-json\/wp\/v2\/tags?post=108865"}],"curies":[{"name":"wp","href":"https:\/\/api.w.org\/{rel}","templated":true}]}}