{"id":108870,"date":"2019-08-06T15:54:45","date_gmt":"2019-08-06T18:54:45","guid":{"rendered":"http:\/\/www.caririemacao.com\/1\/?p=108870"},"modified":"2019-08-06T15:54:45","modified_gmt":"2019-08-06T18:54:45","slug":"bolsonaro-ameaca-nao-atender-governador-que-omitir-verbas-federais","status":"publish","type":"post","link":"https:\/\/www.caririemacao.com\/1\/2019\/08\/06\/bolsonaro-ameaca-nao-atender-governador-que-omitir-verbas-federais\/","title":{"rendered":"Bolsonaro amea\u00e7a n\u00e3o atender governador que omitir verbas federais"},"content":{"rendered":"\n<p>O presidente Jair Bolsonaro amea\u00e7ou n\u00e3o atender pleitos de governadores do Nordeste que n\u00e3o divulgarem em seus estados que algumas a\u00e7\u00f5es s\u00e3o tocadas com recursos do Governo do Estado. De acordo com o presidente, se isso n\u00e3o acontecer, ele vai anunciar as obras junto \u00e0s Prefeituras.<\/p>\n\n\n\n<p>\u201cN\u00e3o vou negar nada para o estado. Mas se eles [governadores] quiserem que realmente isso tudo seja atendido, eles v\u00e3o ter que falar que est\u00e3o trabalhando com o presidente Jair Bolsonaro. Caso contr\u00e1rio, eu n\u00e3o vou ter conversa com eles e vou divulgar obras junto \u00e0s prefeituras\u201d, afirmou o presidente em Sobradinho, na Bahia.<\/p>\n\n\n\n<p>Ele voltou a negar que tenha se referido aos&nbsp;governadores nordestinos como \u201cpara\u00edbas\u201d e disse que fez cr\u00edticas direcionadas aos governadores do Maranh\u00e3o, Fl\u00e1vio Dino (PC do B)&nbsp;e da Para\u00edba, Jo\u00e3o Azev\u00eado&nbsp;(PSB).<\/p>\n\n\n\n<p>\u201cN\u00e3o existe esta quest\u00e3o de preconceito. Eu tenho preconceito \u00e9 com governador ladr\u00e3o que n\u00e3o faz nada para o seu estado\u201d, afirmou.<\/p>\n\n\n\n<p>Segundo Bolsonaro,&nbsp;os&nbsp;governadores da regi\u00e3o \u201cfazem politicalha\u201d, querem transformar o Nordeste&nbsp;\u201cem uma Cuba\u201d. \u201cPara alguns governadores\u2026 \u00e9 o Nordeste e o resto. Querem fazer disso aqui uma Cuba?\u201d, questionou<\/p>\n\n\n\n<p>Para o presidente, o Nordeste tem recebido recursos abundantes do governo federal e que n\u00e3o vai admitir que governadores do Maranh\u00e3o e da Para\u00edba \u201cfa\u00e7am politicalha perante a minha pessoa\u201d.<\/p>\n\n\n\n<p>O presidente ainda criticou a uni\u00e3o dos gestores em torno do Cons\u00f3rcio Nordeste, que vai possibilitar parcerias entre os governos da regi\u00e3o.<\/p>\n\n\n\n<p>\u201cO Brasil \u00e9 um s\u00f3, n\u00e3o queiram dividir regi\u00f5es. Tem alguns que acham que aquela regi\u00e3o \u00e9 dele e n\u00e3o do povo. Isso n\u00e3o existe, o Nordeste \u00e9 Brasil.\u201d<\/p>\n","protected":false},"excerpt":{"rendered":"<p>O presidente Jair Bolsonaro amea\u00e7ou n\u00e3o atender pleitos de governadores do Nordeste que n\u00e3o divulgarem em seus estados que algumas a\u00e7\u00f5es s\u00e3o tocadas com recursos&hellip; <\/p>\n","protected":false},"author":1,"featured_media":104707,"comment_status":"closed","ping_status":"closed","sticky":false,"template":"","format":"standard","meta":{"sfsi_plus_gutenberg_text_before_share":"","sfsi_plus_gutenberg_show_text_before_share":"","sfsi_plus_gutenberg_icon_type":"","sfsi_plus_gutenberg_icon_alignemt":"","sfsi_plus_gutenburg_max_per_row":"","footnotes":""},"categories":[11],"tags":[],"class_list":["post-108870","post","type-post","status-publish","format-standard","has-post-thumbnail","hentry","category-politica"],"_links":{"self":[{"href":"https:\/\/www.caririemacao.com\/1\/wp-json\/wp\/v2\/posts\/108870","targetHints":{"allow":["GET"]}}],"collection":[{"href":"https:\/\/www.caririemacao.com\/1\/wp-json\/wp\/v2\/posts"}],"about":[{"href":"https:\/\/www.caririemacao.com\/1\/wp-json\/wp\/v2\/types\/post"}],"author":[{"embeddable":true,"href":"https:\/\/www.caririemacao.com\/1\/wp-json\/wp\/v2\/users\/1"}],"replies":[{"embeddable":true,"href":"https:\/\/www.caririemacao.com\/1\/wp-json\/wp\/v2\/comments?post=108870"}],"version-history":[{"count":1,"href":"https:\/\/www.caririemacao.com\/1\/wp-json\/wp\/v2\/posts\/108870\/revisions"}],"predecessor-version":[{"id":108871,"href":"https:\/\/www.caririemacao.com\/1\/wp-json\/wp\/v2\/posts\/108870\/revisions\/108871"}],"wp:featuredmedia":[{"embeddable":true,"href":"https:\/\/www.caririemacao.com\/1\/wp-json\/wp\/v2\/media\/104707"}],"wp:attachment":[{"href":"https:\/\/www.caririemacao.com\/1\/wp-json\/wp\/v2\/media?parent=108870"}],"wp:term":[{"taxonomy":"category","embeddable":true,"href":"https:\/\/www.caririemacao.com\/1\/wp-json\/wp\/v2\/categories?post=108870"},{"taxonomy":"post_tag","embeddable":true,"href":"https:\/\/www.caririemacao.com\/1\/wp-json\/wp\/v2\/tags?post=108870"}],"curies":[{"name":"wp","href":"https:\/\/api.w.org\/{rel}","templated":true}]}}