{"id":108891,"date":"2019-08-06T18:31:59","date_gmt":"2019-08-06T21:31:59","guid":{"rendered":"http:\/\/www.caririemacao.com\/1\/?p=108891"},"modified":"2019-08-06T19:39:05","modified_gmt":"2019-08-06T22:39:05","slug":"mp-investiga-venda-de-mandato-de-vereador-registrada-em-cartorio-no-cariri-da-paraiba","status":"publish","type":"post","link":"https:\/\/www.caririemacao.com\/1\/2019\/08\/06\/mp-investiga-venda-de-mandato-de-vereador-registrada-em-cartorio-no-cariri-da-paraiba\/","title":{"rendered":"MP investiga venda de mandato de vereador registrada em cart\u00f3rio, no Cariri da Para\u00edba"},"content":{"rendered":"\n<p>O Minist\u00e9rio P\u00fablico da Para\u00edba, por meio da Comarca de Sum\u00e9, vai investigar a den\u00fancia de venda de mandato de um vereador da cidade de Prata, no Cariri da Para\u00edba. A decis\u00e3o foi do promotor Bruno Leonardo Lins. O caso est\u00e1 em andamento h\u00e1 mais de dez anos. O inqu\u00e9rito civil p\u00fablico instaurado na \u00e9poca do fato, em 2009, foi arquivado para a abertura de um procedimento investigat\u00f3rio criminal.<\/p>\n\n\n\n<p>De acordo com a den\u00fancia, o ex-vereador Jos\u00e9 Erinaldo de Sousa, conhecido como Bob\u00f4, teria vendido o mandato dele por R$ 35 mil ao suplente Israel Sim\u00f5es de Ara\u00fajo. O fato teria acontecido em 2009 e, no dia 14 de junho de 2010, o suposto &#8220;neg\u00f3cio&#8221; foi registrado em cart\u00f3rio por Jos\u00e9 Erinaldo.<\/p>\n\n\n\n<p>O ex-vereador renunciou ao cargo e Israel Sim\u00f5es assumiu uma das cadeiras do legislativo de Prata. A comercializa\u00e7\u00e3o do mandato ainda envolveria um emprego, que seria dado ao ex-vereador Bob\u00f4 na prefeitura de Prata. Na \u00e9poca, o prefeito da cidade era Marcel Nunes de Farias.<\/p>\n\n\n\n<p>O trecho inicial da declara\u00e7\u00e3o, feita em cart\u00f3rio, diz que \u201cpara os devidos fins de direito a quem interessar possa, especialmente para fazer prova a Justi\u00e7a da Comarca da Prata, Estado da Para\u00edba, que recebi do senhor Ismael Sim\u00f5es de Ara\u00fajo, brasileiro, casado, vereador do munic\u00edpio de Prata-PB, a import\u00e2ncia de R$ 35.000,00 (trinta e cinco mil reais) referente ao pagamento da venda do meu mandato de vereador conquistado em outubro de 2008 pelo Partido Republicano Progressista (PRP) que integrou a Coliga\u00e7\u00e3o Prata no Rumo Certo com outras agremia\u00e7\u00f5es pol\u00edticas\u201d.<\/p>\n\n\n\n<p>O procedimento investigat\u00f3rio criminal aberto pelo Minist\u00e9rio P\u00fablico traz como investigados o ex-prefeito de Prata, Marcel Nunes, e o ex-vereador Jos\u00e9 Erinaldo de Sousa. O ex-prefeito disse que est\u00e1 tranquilo e jamais teve qualquer envolvimento na suposta negocia\u00e7\u00e3o. \u201cN\u00f3s fomos inclusive notificados de que o inqu\u00e9rito civil foi arquivado. Eu nunca participei disso e estou tranquilo\u201d, comentou.<\/p>\n\n\n\n<p>O G1 n\u00e3o conseguiu contato com o ex-vereador Jos\u00e9 Erinaldo. Na \u00e9poca em que foi apresentada a den\u00fancia, o vereador Israel Sim\u00f5es negou ter comprado o mandato de Jos\u00e9 Erinaldo. Ele disse que jamais fez qualquer pagamento ao ex-vereador e disse que n\u00e3o tinha sequer condi\u00e7\u00f5es de ter R$ 35 mil dispon\u00edveis.<\/p>\n","protected":false},"excerpt":{"rendered":"<p>O Minist\u00e9rio P\u00fablico da Para\u00edba, por meio da Comarca de Sum\u00e9, vai investigar a den\u00fancia de venda de mandato de um vereador da cidade de&hellip; <\/p>\n","protected":false},"author":2,"featured_media":108905,"comment_status":"closed","ping_status":"closed","sticky":false,"template":"","format":"standard","meta":{"sfsi_plus_gutenberg_text_before_share":"","sfsi_plus_gutenberg_show_text_before_share":"","sfsi_plus_gutenberg_icon_type":"","sfsi_plus_gutenberg_icon_alignemt":"","sfsi_plus_gutenburg_max_per_row":"","footnotes":""},"categories":[50,11],"tags":[],"class_list":["post-108891","post","type-post","status-publish","format-standard","has-post-thumbnail","hentry","category-destaque","category-politica"],"_links":{"self":[{"href":"https:\/\/www.caririemacao.com\/1\/wp-json\/wp\/v2\/posts\/108891","targetHints":{"allow":["GET"]}}],"collection":[{"href":"https:\/\/www.caririemacao.com\/1\/wp-json\/wp\/v2\/posts"}],"about":[{"href":"https:\/\/www.caririemacao.com\/1\/wp-json\/wp\/v2\/types\/post"}],"author":[{"embeddable":true,"href":"https:\/\/www.caririemacao.com\/1\/wp-json\/wp\/v2\/users\/2"}],"replies":[{"embeddable":true,"href":"https:\/\/www.caririemacao.com\/1\/wp-json\/wp\/v2\/comments?post=108891"}],"version-history":[{"count":1,"href":"https:\/\/www.caririemacao.com\/1\/wp-json\/wp\/v2\/posts\/108891\/revisions"}],"predecessor-version":[{"id":108894,"href":"https:\/\/www.caririemacao.com\/1\/wp-json\/wp\/v2\/posts\/108891\/revisions\/108894"}],"wp:featuredmedia":[{"embeddable":true,"href":"https:\/\/www.caririemacao.com\/1\/wp-json\/wp\/v2\/media\/108905"}],"wp:attachment":[{"href":"https:\/\/www.caririemacao.com\/1\/wp-json\/wp\/v2\/media?parent=108891"}],"wp:term":[{"taxonomy":"category","embeddable":true,"href":"https:\/\/www.caririemacao.com\/1\/wp-json\/wp\/v2\/categories?post=108891"},{"taxonomy":"post_tag","embeddable":true,"href":"https:\/\/www.caririemacao.com\/1\/wp-json\/wp\/v2\/tags?post=108891"}],"curies":[{"name":"wp","href":"https:\/\/api.w.org\/{rel}","templated":true}]}}