{"id":108896,"date":"2019-08-06T20:00:00","date_gmt":"2019-08-06T23:00:00","guid":{"rendered":"http:\/\/www.caririemacao.com\/1\/?p=108896"},"modified":"2019-08-06T20:00:00","modified_gmt":"2019-08-06T23:00:00","slug":"vereadores-reiniciam-trabalhos-na-camara-apos-a-volta-do-recesso-em-caraubas","status":"publish","type":"post","link":"https:\/\/www.caririemacao.com\/1\/2019\/08\/06\/vereadores-reiniciam-trabalhos-na-camara-apos-a-volta-do-recesso-em-caraubas\/","title":{"rendered":"Vereadores reiniciam trabalhos na C\u00e2mara ap\u00f3s a volta do recesso em Cara\u00fabas"},"content":{"rendered":"\n<p>As sess\u00f5es da C\u00e2mara Municipal de Cara\u00fabas, no Cariri Paraibano, foram retomadas na noite desta ter\u00e7a-feira (6), depois do recesso parlamentar de julho. Os vereadores voltaram a se encontrar para discutir projetos e assuntos de interesse do munic\u00edpio. <\/p>\n\n\n\n<figure class=\"wp-block-image\"><img fetchpriority=\"high\" decoding=\"async\" width=\"1024\" height=\"678\" src=\"http:\/\/www.caririemacao.com\/1\/wp-content\/uploads\/2019\/08\/DSC_0092-1024x678.jpg\" alt=\"\" class=\"wp-image-108910\" srcset=\"https:\/\/www.caririemacao.com\/1\/wp-content\/uploads\/2019\/08\/DSC_0092-1024x678.jpg 1024w, https:\/\/www.caririemacao.com\/1\/wp-content\/uploads\/2019\/08\/DSC_0092-300x199.jpg 300w, https:\/\/www.caririemacao.com\/1\/wp-content\/uploads\/2019\/08\/DSC_0092-768x509.jpg 768w, https:\/\/www.caririemacao.com\/1\/wp-content\/uploads\/2019\/08\/DSC_0092.jpg 1280w\" sizes=\"(max-width: 1024px) 100vw, 1024px\" \/><\/figure>\n\n\n\n<p>Na sess\u00e3o ordin\u00e1ria do Legislativo Municipal, sob a presid\u00eancia do vereador Jos\u00e9 Franconero, foi aprovado requerimento do vereador Tomaz Aquino que pediu a constru\u00e7\u00e3o de sanit\u00e1rios p\u00fablicos no Est\u00e1dio de Futebol Jos\u00e9 Valderi Neves, objetivando atender a demanda de torcedores que visitam aquela est\u00e1dio de futebol, especialmente em dias de jogos de campeonatos municipais e regionais.<\/p>\n\n\n\n<figure class=\"wp-block-image\"><img decoding=\"async\" width=\"1024\" height=\"678\" data-src=\"http:\/\/www.caririemacao.com\/1\/wp-content\/uploads\/2019\/08\/DSC_0104-1024x678.jpg\" alt=\"\" class=\"wp-image-108908 lazyload\" data-srcset=\"https:\/\/www.caririemacao.com\/1\/wp-content\/uploads\/2019\/08\/DSC_0104-1024x678.jpg 1024w, https:\/\/www.caririemacao.com\/1\/wp-content\/uploads\/2019\/08\/DSC_0104-300x199.jpg 300w, https:\/\/www.caririemacao.com\/1\/wp-content\/uploads\/2019\/08\/DSC_0104-768x509.jpg 768w, https:\/\/www.caririemacao.com\/1\/wp-content\/uploads\/2019\/08\/DSC_0104.jpg 1280w\" data-sizes=\"(max-width: 1024px) 100vw, 1024px\" src=\"data:image\/svg+xml;base64,PHN2ZyB3aWR0aD0iMSIgaGVpZ2h0PSIxIiB4bWxucz0iaHR0cDovL3d3dy53My5vcmcvMjAwMC9zdmciPjwvc3ZnPg==\" style=\"--smush-placeholder-width: 1024px; --smush-placeholder-aspect-ratio: 1024\/678;\" \/><\/figure>\n\n\n\n<p>Durante a sess\u00e3o ainda foi colocado para conhecimento dos vereadores o Voto de aplausos \u00e0 R\u00e1dio Cara\u00fabas FM Web, de autoria da vereadora Cleoneide Fernandes (Neide), pelos relevantes servi\u00e7os prestados na \u00e1rea da comunica\u00e7\u00e3o social ao munic\u00edpio, \u201cO voto de aplausos a R\u00e1dio Cara\u00fabas FM Web \u00e9 resultado da brilhante atua\u00e7\u00e3o e cobertura dos eventos realizados no munic\u00edpio, principalmente, durante as festividades de inaugura\u00e7\u00e3o da nova adutora do mun\u00edcipio, as festividades juninas do S\u00e3o Jo\u00e3o e do S\u00e3o Pedro 2019, garantido atrav\u00e9s das brilhante transmiss\u00f5es, ao vivo, o registro dos momentos hist\u00f3ricos mais importantes vividos pela popula\u00e7\u00e3o deste munic\u00edpio\u201d, justificou a vereadora Neide. A propositura ser\u00e1 votada na pr\u00f3xima reuni\u00e3o.<\/p>\n\n\n\n<figure class=\"wp-block-image\"><img decoding=\"async\" width=\"1024\" height=\"678\" data-src=\"http:\/\/www.caririemacao.com\/1\/wp-content\/uploads\/2019\/08\/DSC_0120-1024x678.jpg\" alt=\"\" class=\"wp-image-108909 lazyload\" data-srcset=\"https:\/\/www.caririemacao.com\/1\/wp-content\/uploads\/2019\/08\/DSC_0120-1024x678.jpg 1024w, https:\/\/www.caririemacao.com\/1\/wp-content\/uploads\/2019\/08\/DSC_0120-300x199.jpg 300w, https:\/\/www.caririemacao.com\/1\/wp-content\/uploads\/2019\/08\/DSC_0120-768x509.jpg 768w, https:\/\/www.caririemacao.com\/1\/wp-content\/uploads\/2019\/08\/DSC_0120.jpg 1280w\" data-sizes=\"(max-width: 1024px) 100vw, 1024px\" src=\"data:image\/svg+xml;base64,PHN2ZyB3aWR0aD0iMSIgaGVpZ2h0PSIxIiB4bWxucz0iaHR0cDovL3d3dy53My5vcmcvMjAwMC9zdmciPjwvc3ZnPg==\" style=\"--smush-placeholder-width: 1024px; --smush-placeholder-aspect-ratio: 1024\/678;\" \/><\/figure>\n\n\n\n<p>O presidente Jos\u00e9 Franconero agradeceu a presen\u00e7a de todos os vereadores e avaliou a reuni\u00e3o positiva pela atua\u00e7\u00e3o e pelo debate levantado durante a sess\u00e3o.<\/p>\n\n\n\n<p><a href=\"https:\/\/www.facebook.com\/pg\/CaririEmAcao\/photos\/?tab=album&amp;album_id=1616033351866015\">CLIQUE AQUI E VEJA TODAS AS FOTOS.<\/a><\/p>\n","protected":false},"excerpt":{"rendered":"<p>As sess\u00f5es da C\u00e2mara Municipal de Cara\u00fabas, no Cariri Paraibano, foram retomadas na noite desta ter\u00e7a-feira (6), depois do recesso parlamentar de julho. Os vereadores&hellip; <\/p>\n","protected":false},"author":2,"featured_media":108907,"comment_status":"closed","ping_status":"closed","sticky":false,"template":"","format":"standard","meta":{"sfsi_plus_gutenberg_text_before_share":"","sfsi_plus_gutenberg_show_text_before_share":"","sfsi_plus_gutenberg_icon_type":"","sfsi_plus_gutenberg_icon_alignemt":"","sfsi_plus_gutenburg_max_per_row":"","footnotes":""},"categories":[6,50],"tags":[],"class_list":["post-108896","post","type-post","status-publish","format-standard","has-post-thumbnail","hentry","category-cidades","category-destaque"],"_links":{"self":[{"href":"https:\/\/www.caririemacao.com\/1\/wp-json\/wp\/v2\/posts\/108896","targetHints":{"allow":["GET"]}}],"collection":[{"href":"https:\/\/www.caririemacao.com\/1\/wp-json\/wp\/v2\/posts"}],"about":[{"href":"https:\/\/www.caririemacao.com\/1\/wp-json\/wp\/v2\/types\/post"}],"author":[{"embeddable":true,"href":"https:\/\/www.caririemacao.com\/1\/wp-json\/wp\/v2\/users\/2"}],"replies":[{"embeddable":true,"href":"https:\/\/www.caririemacao.com\/1\/wp-json\/wp\/v2\/comments?post=108896"}],"version-history":[{"count":2,"href":"https:\/\/www.caririemacao.com\/1\/wp-json\/wp\/v2\/posts\/108896\/revisions"}],"predecessor-version":[{"id":108911,"href":"https:\/\/www.caririemacao.com\/1\/wp-json\/wp\/v2\/posts\/108896\/revisions\/108911"}],"wp:featuredmedia":[{"embeddable":true,"href":"https:\/\/www.caririemacao.com\/1\/wp-json\/wp\/v2\/media\/108907"}],"wp:attachment":[{"href":"https:\/\/www.caririemacao.com\/1\/wp-json\/wp\/v2\/media?parent=108896"}],"wp:term":[{"taxonomy":"category","embeddable":true,"href":"https:\/\/www.caririemacao.com\/1\/wp-json\/wp\/v2\/categories?post=108896"},{"taxonomy":"post_tag","embeddable":true,"href":"https:\/\/www.caririemacao.com\/1\/wp-json\/wp\/v2\/tags?post=108896"}],"curies":[{"name":"wp","href":"https:\/\/api.w.org\/{rel}","templated":true}]}}