{"id":108899,"date":"2019-08-06T19:27:40","date_gmt":"2019-08-06T22:27:40","guid":{"rendered":"http:\/\/www.caririemacao.com\/1\/?p=108899"},"modified":"2019-08-06T19:27:40","modified_gmt":"2019-08-06T22:27:40","slug":"pm-prende-duas-pessoas-por-posse-ilegal-de-armas-e-acusados-de-roubos-na-zona-rural-de-camalau","status":"publish","type":"post","link":"https:\/\/www.caririemacao.com\/1\/2019\/08\/06\/pm-prende-duas-pessoas-por-posse-ilegal-de-armas-e-acusados-de-roubos-na-zona-rural-de-camalau\/","title":{"rendered":"PM prende duas pessoas por posse ilegal de armas e acusados de roubos na zona rural de Camala\u00fa"},"content":{"rendered":"\n<p>A Pol\u00edcia Militar prendeu na tarde desta ter\u00e7a-feira, dia\n06, dois homens acusados de roubos na zona rural de Camala\u00fa, no Cariri\nParaibano. A guarni\u00e7\u00e3o da Rotam esteve toda tarde apurando den\u00fancias de que\nindiv\u00edduos estavam praticando roubos\/furtos na zona rural de Camala\u00fa, mais\nprecisamente s\u00edtio Cangalha.<\/p>\n\n\n\n<p>Com informa\u00e7\u00f5es apuradas, a ROTAM se dirigiu at\u00e9 o assentamento\nEldorado dos Caraj\u00e1s, especificamente \u00e0 casa de Leila, m\u00e3e de um dos acusados.\nNa casa de Leila, a PM encontrou Jos\u00e9 J\u00fanior Bezerra (Juninho) e Geovano\nBezerra de Souza (Nildinho), e efetuou uma busca r\u00e1pida, encontrando embaixo do\nsof\u00e1, uma (01) espingarda de fabrica\u00e7\u00e3o caseira (soca-soca). No momento,\nJuninho disse que a arma pertencia a sua m\u00e3e Leila, que n\u00e3o estava em casa.<\/p>\n\n\n\n<p>A pol\u00edcia tamb\u00e9m procurou saber de Jos\u00e9 Diogo de Oliveira,\nindiv\u00edduo que juntamente com Juninho e Geovano estavam, supostamente, a praticar\nos roubos naquela comunidade. A PM ficou informada que Diogo estava na casa de\nJos\u00e9 Ivanildo de Oliveira (Nildo), e se dirigiu at\u00e9 o s\u00edtio Uru\u00e7u, n\u00e3o\nencontrando Diogo, pois havia sa\u00eddo h\u00e1 pouco tempo. Naquela resid\u00eancia, mais\numa (01) espingarda de fabrica\u00e7\u00e3o caseira (soca-soca), totalizando duas armas\nde fogo.<\/p>\n\n\n\n<p>A ROTAM conduziu todos os envolvidos a Delegacia de Pol\u00edcia Civil\npara as provid\u00eancias cab\u00edveis. \u00c9 mais uma a\u00e7\u00e3o exitosa da CPE-ROTAM que faz\nparte do 11\u00b0 BPM comandado pelo major Samaroni e o subcomandante major Bruno.<\/p>\n","protected":false},"excerpt":{"rendered":"<p>A Pol\u00edcia Militar prendeu na tarde desta ter\u00e7a-feira, dia 06, dois homens acusados de roubos na zona rural de Camala\u00fa, no Cariri Paraibano. A guarni\u00e7\u00e3o&hellip; <\/p>\n","protected":false},"author":2,"featured_media":108900,"comment_status":"closed","ping_status":"closed","sticky":false,"template":"","format":"standard","meta":{"sfsi_plus_gutenberg_text_before_share":"","sfsi_plus_gutenberg_show_text_before_share":"","sfsi_plus_gutenberg_icon_type":"","sfsi_plus_gutenberg_icon_alignemt":"","sfsi_plus_gutenburg_max_per_row":"","footnotes":""},"categories":[50,12],"tags":[],"class_list":["post-108899","post","type-post","status-publish","format-standard","has-post-thumbnail","hentry","category-destaque","category-policia"],"_links":{"self":[{"href":"https:\/\/www.caririemacao.com\/1\/wp-json\/wp\/v2\/posts\/108899","targetHints":{"allow":["GET"]}}],"collection":[{"href":"https:\/\/www.caririemacao.com\/1\/wp-json\/wp\/v2\/posts"}],"about":[{"href":"https:\/\/www.caririemacao.com\/1\/wp-json\/wp\/v2\/types\/post"}],"author":[{"embeddable":true,"href":"https:\/\/www.caririemacao.com\/1\/wp-json\/wp\/v2\/users\/2"}],"replies":[{"embeddable":true,"href":"https:\/\/www.caririemacao.com\/1\/wp-json\/wp\/v2\/comments?post=108899"}],"version-history":[{"count":1,"href":"https:\/\/www.caririemacao.com\/1\/wp-json\/wp\/v2\/posts\/108899\/revisions"}],"predecessor-version":[{"id":108901,"href":"https:\/\/www.caririemacao.com\/1\/wp-json\/wp\/v2\/posts\/108899\/revisions\/108901"}],"wp:featuredmedia":[{"embeddable":true,"href":"https:\/\/www.caririemacao.com\/1\/wp-json\/wp\/v2\/media\/108900"}],"wp:attachment":[{"href":"https:\/\/www.caririemacao.com\/1\/wp-json\/wp\/v2\/media?parent=108899"}],"wp:term":[{"taxonomy":"category","embeddable":true,"href":"https:\/\/www.caririemacao.com\/1\/wp-json\/wp\/v2\/categories?post=108899"},{"taxonomy":"post_tag","embeddable":true,"href":"https:\/\/www.caririemacao.com\/1\/wp-json\/wp\/v2\/tags?post=108899"}],"curies":[{"name":"wp","href":"https:\/\/api.w.org\/{rel}","templated":true}]}}