{"id":108902,"date":"2019-08-06T19:34:31","date_gmt":"2019-08-06T22:34:31","guid":{"rendered":"http:\/\/www.caririemacao.com\/1\/?p=108902"},"modified":"2019-08-06T19:34:31","modified_gmt":"2019-08-06T22:34:31","slug":"8a-cavalgada-do-agricultor-e-da-agricultora-de-sume-e-realizada-pelo-pascar","status":"publish","type":"post","link":"https:\/\/www.caririemacao.com\/1\/2019\/08\/06\/8a-cavalgada-do-agricultor-e-da-agricultora-de-sume-e-realizada-pelo-pascar\/","title":{"rendered":"8\u00aa Cavalgada do Agricultor e da Agricultora de Sum\u00e9 \u00e9 realizada pelo PASCAR"},"content":{"rendered":"\n<p>Foi realizada pelo Programa de A\u00e7\u00f5es Sustent\u00e1veis para o Cariri (PASCAR) do Centro de Desenvolvimento Sustent\u00e1vel do Semi\u00e1rido da Universidade Federal de Campina Grande no domingo, 4 de agosto, a 8\u00aa Cavalgada do Agricultor e da Agricultora (A Cavalgada da Agroecologia.<\/p>\n\n\n\n<figure class=\"wp-block-image\"><img decoding=\"async\" data-src=\"http:\/\/cdsa.ufcg.edu.br\/cdsa\/images\/8-CavalgadaAgricultor-2.jpg\" alt=\"\" src=\"data:image\/svg+xml;base64,PHN2ZyB3aWR0aD0iMSIgaGVpZ2h0PSIxIiB4bWxucz0iaHR0cDovL3d3dy53My5vcmcvMjAwMC9zdmciPjwvc3ZnPg==\" class=\"lazyload\" \/><\/figure>\n\n\n\n<p>A atividade teve um caf\u00e9 da manh\u00e3 na Escola Agrot\u00e9cnica de Sum\u00e9 (UFCG\/Campus de Sum\u00e9) e a realiza\u00e7\u00e3o de visita \u00e0 \u00e1rea experimental do CDSA, onde os monitores do Projeto Solo na Escola\/UFCG apresentaram orienta\u00e7\u00f5es de pr\u00e1ticas de conserva\u00e7\u00e3o do solo e realizaram oficinas de biofertilizante e sistemas de cobertura do solo para os agricultores presentes.<\/p>\n\n\n\n<p>A cavalgada saiu ainda pela manh\u00e3 pelas ruas da cidade de Sum\u00e9 como parada na Igreja Matriz para o recebimento de b\u00ean\u00e7\u00e3os e seguiu seu destino at\u00e9 a comunidade Nove Casas, onde foi servida&nbsp;uma feijoada na Associa\u00e7\u00e3o da Laginha.<\/p>\n\n\n\n<p>O evento&nbsp;foi finalizado com um forr\u00f3 no est\u00e1dio O Jacint\u00e3o com a apresenta\u00e7\u00e3o dos m\u00fasicos Gabriel do Acordeon e Os Evaldos.A atividade teve a coordena\u00e7\u00e3o geral da professora Adriana Meira, colabora\u00e7\u00e3o do vereador Daniel L\u00eala e apoio da UFCG\/CDSA e Prefeitura do Munic\u00edpio de Sum\u00e9 e \u00e9 uma realiza\u00e7\u00e3o do PASCAR.&nbsp;&#8220;A equipe agradece a expressiva presen\u00e7a dos vaqueiros e amazonas, a parceria e as contribui\u00e7\u00f5es de todos os colaboradores&#8221;, disse Adriana Meira.<\/p>\n\n\n\n<p>(Rosenato Barreto &#8211; Assimp CDSA\/UFCG)<\/p>\n","protected":false},"excerpt":{"rendered":"<p>Foi realizada pelo Programa de A\u00e7\u00f5es Sustent\u00e1veis para o Cariri (PASCAR) do Centro de Desenvolvimento Sustent\u00e1vel do Semi\u00e1rido da Universidade Federal de Campina Grande no&hellip; <\/p>\n","protected":false},"author":2,"featured_media":108903,"comment_status":"closed","ping_status":"closed","sticky":false,"template":"","format":"standard","meta":{"sfsi_plus_gutenberg_text_before_share":"","sfsi_plus_gutenberg_show_text_before_share":"","sfsi_plus_gutenberg_icon_type":"","sfsi_plus_gutenberg_icon_alignemt":"","sfsi_plus_gutenburg_max_per_row":"","footnotes":""},"categories":[50,2],"tags":[],"class_list":["post-108902","post","type-post","status-publish","format-standard","has-post-thumbnail","hentry","category-destaque","category-geral"],"_links":{"self":[{"href":"https:\/\/www.caririemacao.com\/1\/wp-json\/wp\/v2\/posts\/108902","targetHints":{"allow":["GET"]}}],"collection":[{"href":"https:\/\/www.caririemacao.com\/1\/wp-json\/wp\/v2\/posts"}],"about":[{"href":"https:\/\/www.caririemacao.com\/1\/wp-json\/wp\/v2\/types\/post"}],"author":[{"embeddable":true,"href":"https:\/\/www.caririemacao.com\/1\/wp-json\/wp\/v2\/users\/2"}],"replies":[{"embeddable":true,"href":"https:\/\/www.caririemacao.com\/1\/wp-json\/wp\/v2\/comments?post=108902"}],"version-history":[{"count":1,"href":"https:\/\/www.caririemacao.com\/1\/wp-json\/wp\/v2\/posts\/108902\/revisions"}],"predecessor-version":[{"id":108904,"href":"https:\/\/www.caririemacao.com\/1\/wp-json\/wp\/v2\/posts\/108902\/revisions\/108904"}],"wp:featuredmedia":[{"embeddable":true,"href":"https:\/\/www.caririemacao.com\/1\/wp-json\/wp\/v2\/media\/108903"}],"wp:attachment":[{"href":"https:\/\/www.caririemacao.com\/1\/wp-json\/wp\/v2\/media?parent=108902"}],"wp:term":[{"taxonomy":"category","embeddable":true,"href":"https:\/\/www.caririemacao.com\/1\/wp-json\/wp\/v2\/categories?post=108902"},{"taxonomy":"post_tag","embeddable":true,"href":"https:\/\/www.caririemacao.com\/1\/wp-json\/wp\/v2\/tags?post=108902"}],"curies":[{"name":"wp","href":"https:\/\/api.w.org\/{rel}","templated":true}]}}