{"id":108912,"date":"2019-08-06T21:55:23","date_gmt":"2019-08-07T00:55:23","guid":{"rendered":"http:\/\/www.caririemacao.com\/1\/?p=108912"},"modified":"2019-08-06T21:55:23","modified_gmt":"2019-08-07T00:55:23","slug":"dia-de-combate-a-dengue-foi-realizado-em-zabele-nesta-terca","status":"publish","type":"post","link":"https:\/\/www.caririemacao.com\/1\/2019\/08\/06\/dia-de-combate-a-dengue-foi-realizado-em-zabele-nesta-terca\/","title":{"rendered":"Dia de combate a dengue foi realizado em Zabel\u00ea nesta ter\u00e7a"},"content":{"rendered":"\n<p>Na manh\u00e3 desta ter\u00e7a-feira (06\/08) foi realizada nas ruas de Zabel\u00ea um dia de Combate \u00e0 Dengue, e na ocasi\u00e3o reuniram-se profissionais do NASF, ACS&#8217;s, Vigil\u00e2ncia Ambiental e Vigil\u00e2ncia Sanit\u00e1ria.<br>Este momento teve como objetivo a preven\u00e7\u00e3o e promo\u00e7\u00e3o \u00e0 sa\u00fade dos mun\u00edcipes. Na ocasi\u00e3o foi feita distribui\u00e7\u00e3o de peixes (uma das principais estrat\u00e9gias do munic\u00edpio para reduzir a infesta\u00e7\u00e3o de mosquitos da dengue), panfletagem e porta a porta, visando a educa\u00e7\u00e3o em sa\u00fade.&nbsp;<br><\/p>\n\n\n\n<figure class=\"wp-block-image\"><a href=\"https:\/\/1.bp.blogspot.com\/-zgfbLbNk-J4\/XUn511CMm-I\/AAAAAAAAl5o\/mjOEnRZXgBUOUQbcLoApuJTx_xbEcrv2gCLcBGAs\/s1600\/67684354_642529312917371_5337773690337624064_n.jpg\"><img decoding=\"async\" data-src=\"https:\/\/1.bp.blogspot.com\/-zgfbLbNk-J4\/XUn511CMm-I\/AAAAAAAAl5o\/mjOEnRZXgBUOUQbcLoApuJTx_xbEcrv2gCLcBGAs\/s320\/67684354_642529312917371_5337773690337624064_n.jpg\" alt=\"\" src=\"data:image\/svg+xml;base64,PHN2ZyB3aWR0aD0iMSIgaGVpZ2h0PSIxIiB4bWxucz0iaHR0cDovL3d3dy53My5vcmcvMjAwMC9zdmciPjwvc3ZnPg==\" class=\"lazyload\" \/><\/a><\/figure>\n\n\n\n<p>\u00c9 v\u00e1lido ressaltar que de acordo com o \u00faltimo LIA (Levantamento de \u00cdndice Amostral), que busca informar o percentual de larvas positivas para Aedes aegypti, atrav\u00e9s de amostras coletadas nas resid\u00eancias, a cidade de Zabel\u00ea obteve um \u00edndice de 0%, o que coloca o munic\u00edpio fora da \u00e1rea de risco para uma poss\u00edveis infesta\u00e7\u00f5es.<br>No entanto, o trabalho de conscientiza\u00e7\u00e3o \u00e9 o principal instrumento para combater o mosquito Aedes e cada um deve estar atento e fazer a sua parte para que se possa manter esses \u00edndices.<br><strong>COM ASCOM<\/strong><\/p>\n","protected":false},"excerpt":{"rendered":"<p>Na manh\u00e3 desta ter\u00e7a-feira (06\/08) foi realizada nas ruas de Zabel\u00ea um dia de Combate \u00e0 Dengue, e na ocasi\u00e3o reuniram-se profissionais do NASF, ACS&#8217;s,&hellip; <\/p>\n","protected":false},"author":1,"featured_media":108913,"comment_status":"closed","ping_status":"closed","sticky":false,"template":"","format":"standard","meta":{"sfsi_plus_gutenberg_text_before_share":"","sfsi_plus_gutenberg_show_text_before_share":"","sfsi_plus_gutenberg_icon_type":"","sfsi_plus_gutenberg_icon_alignemt":"","sfsi_plus_gutenburg_max_per_row":"","footnotes":""},"categories":[6],"tags":[],"class_list":["post-108912","post","type-post","status-publish","format-standard","has-post-thumbnail","hentry","category-cidades"],"_links":{"self":[{"href":"https:\/\/www.caririemacao.com\/1\/wp-json\/wp\/v2\/posts\/108912","targetHints":{"allow":["GET"]}}],"collection":[{"href":"https:\/\/www.caririemacao.com\/1\/wp-json\/wp\/v2\/posts"}],"about":[{"href":"https:\/\/www.caririemacao.com\/1\/wp-json\/wp\/v2\/types\/post"}],"author":[{"embeddable":true,"href":"https:\/\/www.caririemacao.com\/1\/wp-json\/wp\/v2\/users\/1"}],"replies":[{"embeddable":true,"href":"https:\/\/www.caririemacao.com\/1\/wp-json\/wp\/v2\/comments?post=108912"}],"version-history":[{"count":1,"href":"https:\/\/www.caririemacao.com\/1\/wp-json\/wp\/v2\/posts\/108912\/revisions"}],"predecessor-version":[{"id":108914,"href":"https:\/\/www.caririemacao.com\/1\/wp-json\/wp\/v2\/posts\/108912\/revisions\/108914"}],"wp:featuredmedia":[{"embeddable":true,"href":"https:\/\/www.caririemacao.com\/1\/wp-json\/wp\/v2\/media\/108913"}],"wp:attachment":[{"href":"https:\/\/www.caririemacao.com\/1\/wp-json\/wp\/v2\/media?parent=108912"}],"wp:term":[{"taxonomy":"category","embeddable":true,"href":"https:\/\/www.caririemacao.com\/1\/wp-json\/wp\/v2\/categories?post=108912"},{"taxonomy":"post_tag","embeddable":true,"href":"https:\/\/www.caririemacao.com\/1\/wp-json\/wp\/v2\/tags?post=108912"}],"curies":[{"name":"wp","href":"https:\/\/api.w.org\/{rel}","templated":true}]}}