{"id":108918,"date":"2019-08-07T07:54:00","date_gmt":"2019-08-07T10:54:00","guid":{"rendered":"http:\/\/www.caririemacao.com\/1\/?p=108918"},"modified":"2019-08-07T07:54:00","modified_gmt":"2019-08-07T10:54:00","slug":"confirmado-14-caso-de-malaria-na-paraiba","status":"publish","type":"post","link":"https:\/\/www.caririemacao.com\/1\/2019\/08\/07\/confirmado-14-caso-de-malaria-na-paraiba\/","title":{"rendered":"Confirmado 14\u00b0 caso de mal\u00e1ria na Para\u00edba"},"content":{"rendered":"\n<p>&nbsp;Hospital Universit\u00e1rio Lauro Wanderley (HULW) confirmou nesta ter\u00e7a-feira (6), o 14\u00b0 caso de mal\u00e1ria, na Para\u00edba. A v\u00edtima \u00e9 um homem de 58 anos, residente do munic\u00edpio do Conde.<\/p>\n\n\n\n<p>De acordo com o hospital, o paciente est\u00e1 internado desde o dia 26 de julho e&nbsp;j\u00e1 est\u00e1 recebendo o tratamento adequado e seu quadro \u00e9 considerado est\u00e1vel.&nbsp;<\/p>\n\n\n\n<p>Todos os 14 casos casos de mal\u00e1ria registrados na Para\u00edba s\u00e3o de pessoas residentes do munic\u00edpio do Conde, al\u00e9m de uma venezuelana que tamb\u00e9m passou pelo HU, por\u00e9m o caso dela foi tratado como importado, pois a v\u00edtima n\u00e3o adquiriu a doen\u00e7a no estado.<\/p>\n","protected":false},"excerpt":{"rendered":"<p>&nbsp;Hospital Universit\u00e1rio Lauro Wanderley (HULW) confirmou nesta ter\u00e7a-feira (6), o 14\u00b0 caso de mal\u00e1ria, na Para\u00edba. A v\u00edtima \u00e9 um homem de 58 anos, residente&hellip; <\/p>\n","protected":false},"author":1,"featured_media":102082,"comment_status":"closed","ping_status":"closed","sticky":false,"template":"","format":"standard","meta":{"sfsi_plus_gutenberg_text_before_share":"","sfsi_plus_gutenberg_show_text_before_share":"","sfsi_plus_gutenberg_icon_type":"","sfsi_plus_gutenberg_icon_alignemt":"","sfsi_plus_gutenburg_max_per_row":"","footnotes":""},"categories":[16],"tags":[],"class_list":["post-108918","post","type-post","status-publish","format-standard","has-post-thumbnail","hentry","category-saude"],"_links":{"self":[{"href":"https:\/\/www.caririemacao.com\/1\/wp-json\/wp\/v2\/posts\/108918","targetHints":{"allow":["GET"]}}],"collection":[{"href":"https:\/\/www.caririemacao.com\/1\/wp-json\/wp\/v2\/posts"}],"about":[{"href":"https:\/\/www.caririemacao.com\/1\/wp-json\/wp\/v2\/types\/post"}],"author":[{"embeddable":true,"href":"https:\/\/www.caririemacao.com\/1\/wp-json\/wp\/v2\/users\/1"}],"replies":[{"embeddable":true,"href":"https:\/\/www.caririemacao.com\/1\/wp-json\/wp\/v2\/comments?post=108918"}],"version-history":[{"count":1,"href":"https:\/\/www.caririemacao.com\/1\/wp-json\/wp\/v2\/posts\/108918\/revisions"}],"predecessor-version":[{"id":108919,"href":"https:\/\/www.caririemacao.com\/1\/wp-json\/wp\/v2\/posts\/108918\/revisions\/108919"}],"wp:featuredmedia":[{"embeddable":true,"href":"https:\/\/www.caririemacao.com\/1\/wp-json\/wp\/v2\/media\/102082"}],"wp:attachment":[{"href":"https:\/\/www.caririemacao.com\/1\/wp-json\/wp\/v2\/media?parent=108918"}],"wp:term":[{"taxonomy":"category","embeddable":true,"href":"https:\/\/www.caririemacao.com\/1\/wp-json\/wp\/v2\/categories?post=108918"},{"taxonomy":"post_tag","embeddable":true,"href":"https:\/\/www.caririemacao.com\/1\/wp-json\/wp\/v2\/tags?post=108918"}],"curies":[{"name":"wp","href":"https:\/\/api.w.org\/{rel}","templated":true}]}}