{"id":108932,"date":"2019-08-07T08:02:00","date_gmt":"2019-08-07T11:02:00","guid":{"rendered":"http:\/\/www.caririemacao.com\/1\/?p=108932"},"modified":"2019-08-07T08:02:00","modified_gmt":"2019-08-07T11:02:00","slug":"mulher-e-presa-na-paraiba-acusada-de-cometer-homicidio-no-maranhao","status":"publish","type":"post","link":"https:\/\/www.caririemacao.com\/1\/2019\/08\/07\/mulher-e-presa-na-paraiba-acusada-de-cometer-homicidio-no-maranhao\/","title":{"rendered":"Mulher \u00e9 presa na Para\u00edba acusada de cometer homic\u00eddio no Maranh\u00e3o"},"content":{"rendered":"\n<p>Uma mulher foi presa, nesta ter\u00e7a-feira (6), no munic\u00edpio de Ara\u00e7agi, na Para\u00edba. A mulher, de 34 anos \u00e9 acusada de um homic\u00eddio na cidade do Maranh\u00e3o.&nbsp;&nbsp;<\/p>\n\n\n\n<p>A pris\u00e3o foi realizada por policiais&nbsp;militares e civis que cumpriram o&nbsp;mandado expedido pela 2\u00aa Vara Criminal da Comarca de Timon, no Maranh\u00e3o.<\/p>\n\n\n\n<p>De acordo com a pol\u00edcia, a mulher tinha sido localizada pelos policiais no m\u00eas de junho e foi conduzida \u00e0 delegacia, onde confessou o crime. No entanto, como n\u00e3o havia flagrante ou mandado de pris\u00e3o, ela tinha sido ouvida e, em seguida, foi liberada.&nbsp;<\/p>\n\n\n\n<p>Com o mandado, que foi expedido no dia 26 de julho, ela foi presa e nos pr\u00f3ximos dias ser\u00e1 levada para o Estado do Maranh\u00e3o. Desde que tinha praticado o crime, no final do m\u00eas de abril deste ano, a mulher tinha fugido e estava residindo na casa de uma irm\u00e3, na zona rural do munic\u00edpio de Ara\u00e7agi.&nbsp;<\/p>\n\n\n\n<p>O crime teria sido praticado porque a v\u00edtima, que era vizinha da acusada, reclamou de um barulho que estava sendo feito pela filha dela, uma adolescente, na frente da casa onde ela dormia com um dos filhos menores. Durante o&nbsp; desentendimento, a mulher teria disparado quatro vezes contra a v\u00edtima, que foi atingida com um tiro e acabou morrendo antes de ser socorrida. Elas eram vizinhas em um condom\u00ednio na cidade de Timon e a v\u00edtima, de 31 anos, deixou quatro filhos menores.<\/p>\n","protected":false},"excerpt":{"rendered":"<p>Uma mulher foi presa, nesta ter\u00e7a-feira (6), no munic\u00edpio de Ara\u00e7agi, na Para\u00edba. A mulher, de 34 anos \u00e9 acusada de um homic\u00eddio na cidade&hellip; <\/p>\n","protected":false},"author":1,"featured_media":108934,"comment_status":"closed","ping_status":"closed","sticky":false,"template":"","format":"standard","meta":{"sfsi_plus_gutenberg_text_before_share":"","sfsi_plus_gutenberg_show_text_before_share":"","sfsi_plus_gutenberg_icon_type":"","sfsi_plus_gutenberg_icon_alignemt":"","sfsi_plus_gutenburg_max_per_row":"","footnotes":""},"categories":[12],"tags":[],"class_list":["post-108932","post","type-post","status-publish","format-standard","has-post-thumbnail","hentry","category-policia"],"_links":{"self":[{"href":"https:\/\/www.caririemacao.com\/1\/wp-json\/wp\/v2\/posts\/108932","targetHints":{"allow":["GET"]}}],"collection":[{"href":"https:\/\/www.caririemacao.com\/1\/wp-json\/wp\/v2\/posts"}],"about":[{"href":"https:\/\/www.caririemacao.com\/1\/wp-json\/wp\/v2\/types\/post"}],"author":[{"embeddable":true,"href":"https:\/\/www.caririemacao.com\/1\/wp-json\/wp\/v2\/users\/1"}],"replies":[{"embeddable":true,"href":"https:\/\/www.caririemacao.com\/1\/wp-json\/wp\/v2\/comments?post=108932"}],"version-history":[{"count":1,"href":"https:\/\/www.caririemacao.com\/1\/wp-json\/wp\/v2\/posts\/108932\/revisions"}],"predecessor-version":[{"id":108935,"href":"https:\/\/www.caririemacao.com\/1\/wp-json\/wp\/v2\/posts\/108932\/revisions\/108935"}],"wp:featuredmedia":[{"embeddable":true,"href":"https:\/\/www.caririemacao.com\/1\/wp-json\/wp\/v2\/media\/108934"}],"wp:attachment":[{"href":"https:\/\/www.caririemacao.com\/1\/wp-json\/wp\/v2\/media?parent=108932"}],"wp:term":[{"taxonomy":"category","embeddable":true,"href":"https:\/\/www.caririemacao.com\/1\/wp-json\/wp\/v2\/categories?post=108932"},{"taxonomy":"post_tag","embeddable":true,"href":"https:\/\/www.caririemacao.com\/1\/wp-json\/wp\/v2\/tags?post=108932"}],"curies":[{"name":"wp","href":"https:\/\/api.w.org\/{rel}","templated":true}]}}