{"id":108953,"date":"2019-08-07T08:22:41","date_gmt":"2019-08-07T11:22:41","guid":{"rendered":"http:\/\/www.caririemacao.com\/1\/?p=108953"},"modified":"2019-08-07T08:22:41","modified_gmt":"2019-08-07T11:22:41","slug":"bolsonaro-critica-anvisa-e-diz-que-nao-foi-eleito-para-legalizar-drogas","status":"publish","type":"post","link":"https:\/\/www.caririemacao.com\/1\/2019\/08\/07\/bolsonaro-critica-anvisa-e-diz-que-nao-foi-eleito-para-legalizar-drogas\/","title":{"rendered":"Bolsonaro critica Anvisa e diz que n\u00e3o foi eleito para legalizar drogas"},"content":{"rendered":"\n<p>O presidente Jair Bolsonaro (PSL) criticou nesta ter\u00e7a-feira (6) ag\u00eancias regulat\u00f3rias como a Anvisa (Ag\u00eancia Nacional de Vigil\u00e2ncia Sanit\u00e1ria) e questionou se n\u00e3o h\u00e1 &#8220;excesso de zelo&#8221; ou se &#8220;est\u00e3o procurando criar dificuldade para vender facilidade&#8221;. O presidente tamb\u00e9m afirmou que n\u00e3o foi eleito presidente para legalizar as drogas.<\/p>\n\n\n\n<p>A declara\u00e7\u00e3o foi dada durante inaugura\u00e7\u00e3o de nova planta do Laborat\u00f3rio Crist\u00e1lia, que produz insumos para rem\u00e9dios contra o c\u00e2ncer.<\/p>\n\n\n\n<p>Vestindo um jaleco branco, Bolsonaro conheceu a nova planta e depois se dirigiu a um palco montado para solenidade. Ao lado do presidente, estavam aliados como a deputada federal Carla Zambelli (PSL-SP).<\/p>\n\n\n\n<p>Bolsonaro foi ovacionado e chamado de mito por um p\u00fablico formado por funcion\u00e1rios da empresa e pol\u00edticos da regi\u00e3o.<\/p>\n\n\n\n<p>Presidente da Rep\u00fablica, Jair Bolsonaro durante visita \u00e0 nova Planta Farmoqu\u00edmica Oncol\u00f3gica do Grupo Crist\u00e1lia Marcos Corr\u00eaa\/PR Presidente da Rep\u00fablica, O presidente afirmou que as ag\u00eancias tem um &#8220;poder enorme, para bem ou para o mal&#8221;.&nbsp;<\/p>\n\n\n\n<p>&#8220;Quanto tempo leva um registro da Anvisa? Esse tempo todo se justifica? Ser\u00e1 que \u00e9 excesso de zelo ou est\u00e3o procurando criar dificuldade para vender facilidade?&#8221;<\/p>\n\n\n\n<p>Bolsonaro diz que n\u00e3o foi eleito presidente para legalizar as drogas, uma poss\u00edvel refer\u00eancia \u00e0 discuss\u00e3o sobre aprova\u00e7\u00e3o da maconha para fins medicinais pela Anvisa.<\/p>\n\n\n\n<p>O plantio de Cannabis \u00e9 proibido no Brasil, entretanto, a lei 11.343, de 2006, prev\u00ea que a Uni\u00e3o autorize o cultivo para fins medicinais e cient\u00edficos &#8220;em local e prazo predeterminados, mediante fiscaliza\u00e7\u00e3o&#8221;.<\/p>\n\n\n\n<p>Em junho, o presidente da Anvisa, William Dib, disse \u00e0 Folha que a ag\u00eancia discutir\u00e1 dar aval a empresas para o cultivo de maconha no pa\u00eds com foco na pesquisa e produ\u00e7\u00e3o de medicamentos, sem margem para produtos recreativos.<\/p>\n\n\n\n<p>O objetivo \u00e9 facilitar o acesso de pacientes aos medicamentos \u00e0 base da Cannabis, isso porque desde de 2015, quando a ag\u00eancia passou a autorizar a importa\u00e7\u00e3o de \u00f3leos e medicamentos com canabidiol em suas f\u00f3rmulas, 6.789 pacientes receberam aval para importar produtos feitos da subst\u00e2ncia. Segundo o presidente da Anvisa, a aprova\u00e7\u00e3o do cultivo no Brasil poderia diminuir os pre\u00e7os dos rem\u00e9dios e gasto p\u00fablico com a importa\u00e7\u00e3o. Um tratamento de tr\u00eas meses com produtos importados, por exemplo, pode custar R$ 2 mil.<\/p>\n\n\n\n<p>A proposta \u2013 que s\u00f3 deve liberar medicamentos e \u00f3leos que tenham efic\u00e1cia comprovada clinicamente \u2013 n\u00e3o foi bem recebida pelo governo. Em julho, o ministro Osmar Terra (Cidadania) acusou a ag\u00eancia de tentar &#8220;legalizar a maconha no Brasil&#8221;. Dib negou que a ag\u00eancia tivesse interesse na legaliza\u00e7\u00e3o da subst\u00e2ncia e disse que o uso recreativo da Cannabis era &#8220;problema de pol\u00edcia e Congresso&#8221;.<\/p>\n\n\n\n<p>Citada por Bolsonaro, a Anvisa tem entre suas fun\u00e7\u00f5es fazer o controle sanit\u00e1rio de produtos como medicamentos e cosm\u00e9ticos.&nbsp;<\/p>\n\n\n\n<p>O INPI (Instituto Nacional de Propriedade Industrial), que atua com a Anvisa na quest\u00e3o das patentes, tamb\u00e9m foi citado na fala de Bolsonaro, cr\u00edtica a \u00f3rg\u00e3os regulat\u00f3rios.&nbsp;<\/p>\n\n\n\n<p>O presidente tamb\u00e9m afirmou ter retribu\u00eddo a\u00e7\u00f5es da m\u00eddia que o &#8220;esculachava&#8221; e o chamava de &#8220;fascista. &#8220;No dia de ontem eu retribui parte daquilo que a grande m\u00eddia me atacou. Assinei uma medida provis\u00f3ria fazendo com que os empres\u00e1rios que gastavam milh\u00f5es de reais ao publicar obrigatoriamente por for\u00e7a de lei seus balancetes agora podem faz\u00ea-lo no Di\u00e1rio Oficial da Uni\u00e3o a custo zero&#8221;, disse.<\/p>\n\n\n\n<p>Depois, ele afirmou que n\u00e3o se trata de retalia\u00e7\u00e3o. &#8220;\u00c9 tirar o estado de cima daquele que produz.&#8221;<\/p>\n\n\n\n<p>Ele tamb\u00e9m afirmou que setores da m\u00eddia deram a entender que ele tinha liga\u00e7\u00e3o com o caso de um militar preso com drogas no exterior, em viagem presidencial. &#8220;Quanto eu poderia ganhar com 40 quilos de coca\u00edna? R$ 500 mil? Quanto eu posso ganhar com essa caneta Bic assinando coisa contra voc\u00eas, com risco quase zero?&#8221;.<\/p>\n\n\n\n<p>\u00c0 vontade com o p\u00fablico favor\u00e1vel, em uma cidade onde foi eleito com cerca de 80% dos votos, Bolsonaro afirmou tamb\u00e9m que respeita institui\u00e7\u00f5es, mas deve &#8220;lealdade a voc\u00eas&#8221;.<\/p>\n\n\n\n<p>O presidente fez refer\u00eancia \u00e0 reelei\u00e7\u00e3o ao afirmar que seu sonho \u00e9 entregar &#8220;em janeiro de 2023 ou em janeiro de 2027&#8221; um Brasil melhor.&nbsp;<\/p>\n","protected":false},"excerpt":{"rendered":"<p>O presidente Jair Bolsonaro (PSL) criticou nesta ter\u00e7a-feira (6) ag\u00eancias regulat\u00f3rias como a Anvisa (Ag\u00eancia Nacional de Vigil\u00e2ncia Sanit\u00e1ria) e questionou se n\u00e3o h\u00e1 &#8220;excesso&hellip; <\/p>\n","protected":false},"author":1,"featured_media":108496,"comment_status":"closed","ping_status":"closed","sticky":false,"template":"","format":"standard","meta":{"sfsi_plus_gutenberg_text_before_share":"","sfsi_plus_gutenberg_show_text_before_share":"","sfsi_plus_gutenberg_icon_type":"","sfsi_plus_gutenberg_icon_alignemt":"","sfsi_plus_gutenburg_max_per_row":"","footnotes":""},"categories":[11],"tags":[],"class_list":["post-108953","post","type-post","status-publish","format-standard","has-post-thumbnail","hentry","category-politica"],"_links":{"self":[{"href":"https:\/\/www.caririemacao.com\/1\/wp-json\/wp\/v2\/posts\/108953","targetHints":{"allow":["GET"]}}],"collection":[{"href":"https:\/\/www.caririemacao.com\/1\/wp-json\/wp\/v2\/posts"}],"about":[{"href":"https:\/\/www.caririemacao.com\/1\/wp-json\/wp\/v2\/types\/post"}],"author":[{"embeddable":true,"href":"https:\/\/www.caririemacao.com\/1\/wp-json\/wp\/v2\/users\/1"}],"replies":[{"embeddable":true,"href":"https:\/\/www.caririemacao.com\/1\/wp-json\/wp\/v2\/comments?post=108953"}],"version-history":[{"count":1,"href":"https:\/\/www.caririemacao.com\/1\/wp-json\/wp\/v2\/posts\/108953\/revisions"}],"predecessor-version":[{"id":108954,"href":"https:\/\/www.caririemacao.com\/1\/wp-json\/wp\/v2\/posts\/108953\/revisions\/108954"}],"wp:featuredmedia":[{"embeddable":true,"href":"https:\/\/www.caririemacao.com\/1\/wp-json\/wp\/v2\/media\/108496"}],"wp:attachment":[{"href":"https:\/\/www.caririemacao.com\/1\/wp-json\/wp\/v2\/media?parent=108953"}],"wp:term":[{"taxonomy":"category","embeddable":true,"href":"https:\/\/www.caririemacao.com\/1\/wp-json\/wp\/v2\/categories?post=108953"},{"taxonomy":"post_tag","embeddable":true,"href":"https:\/\/www.caririemacao.com\/1\/wp-json\/wp\/v2\/tags?post=108953"}],"curies":[{"name":"wp","href":"https:\/\/api.w.org\/{rel}","templated":true}]}}