{"id":108959,"date":"2019-08-07T08:26:29","date_gmt":"2019-08-07T11:26:29","guid":{"rendered":"http:\/\/www.caririemacao.com\/1\/?p=108959"},"modified":"2019-08-07T08:26:29","modified_gmt":"2019-08-07T11:26:29","slug":"governo-elabora-proposta-para-reforma-tributaria-diz-porta-voz","status":"publish","type":"post","link":"https:\/\/www.caririemacao.com\/1\/2019\/08\/07\/governo-elabora-proposta-para-reforma-tributaria-diz-porta-voz\/","title":{"rendered":"Governo elabora proposta para reforma tribut\u00e1ria, diz porta-voz"},"content":{"rendered":"\n<p>A equipe econ\u00f4mica est\u00e1 ultimando uma proposta integrada com as existentes na C\u00e2mara [dos Deputados] e no Senado [Federal]\u201d. A informa\u00e7\u00e3o \u00e9 do porta-voz da Presid\u00eancia da Rep\u00fablica, general Ot\u00e1vio R\u00eago Barros, durante briefing para a imprensa no fim da tarde de hoje, no Pal\u00e1cio do Planalto.<\/p>\n\n\n\n<p>De acordo com R\u00eago Barros, a reforma tribut\u00e1ria, junto com a desburocratiza\u00e7\u00e3o da liberdade econ\u00f4mica, \u00e9 o \u201cpr\u00f3ximo passo da acelera\u00e7\u00e3o econ\u00f4mica\u201d, ap\u00f3s a aprova\u00e7\u00e3o da reforma da Previd\u00eancia Social, que poder\u00e1 ser votada ainda nesta semana em segundo turno no plen\u00e1rio da C\u00e2mara.<\/p>\n\n\n\n<p>&#8220;O presidente [Jair] Bolsonaro e o ministro [da Economia] Paulo Guedes aguardam a vota\u00e7\u00e3o na C\u00e2mara com grande expectativa e esperam que a proposta seja enviada o quanto antes para o Senado\u201d, disse o porta-voz.<\/p>\n\n\n\n<p>A percep\u00e7\u00e3o do Minist\u00e9rio da Economia \u00e9 que, \u201cem fun\u00e7\u00e3o da vota\u00e7\u00e3o expressiva no primeiro turno (&#8230;), o pa\u00eds entendeu a necessidade de fazer uma reforma expressiva, mudan\u00e7as necess\u00e1rias para que a economia entre de vez em um ciclo de investimento econ\u00f4mico sustent\u00e1vel para as futuras gera\u00e7\u00f5es de brasileiros\u201d, acrescentou R\u00eago Barros.<\/p>\n\n\n\n<p><strong>Agroneg\u00f3cio e guerra comercial<\/strong><br><\/p>\n\n\n\n<p>O porta-voz da Presid\u00eancia mencionou a insatisfa\u00e7\u00e3o da ministra da Agricultura, Pecu\u00e1ria e Abastecimento, Tereza Cristina, quanto \u00e0s cr\u00edticas da imprensa \u00e0 atividade agropecu\u00e1ria. Citando pronunciamento da ministra, o porta-voz salientou: \u201cPrecisamos estar falando todos na mesma dire\u00e7\u00e3o. \u00c9 inadmiss\u00edvel que o agroneg\u00f3cio brasileiro tenha tido nessa \u00faltima semana um bombardeio pela m\u00eddia nacional, colocando o alimento produzido no Brasil como inseguro, o que n\u00e3o \u00e9 verdade. Quero dizer a voc\u00eas que eu tenho convic\u00e7\u00e3o de que n\u00f3s estamos fazendo o melhor para o nosso pa\u00eds.&#8221;<\/p>\n\n\n\n<p>Tereza Cristina participou ontem (5),em S\u00e3o Paulo, do Congresso Brasileiro do Agroneg\u00f3cio. Durante o evento, a ministra ressaltou que \u201ca agricultura dever\u00e1 responder a novos desafios. Estima-se que em 2050 sete em cada dez pessoas vive\u00e3o nas cidades tornando mais rarefeita a popula\u00e7\u00e3o rural. Portanto, m\u00e1quinas e equipamentos ser\u00e3o imprescind\u00edveis para garantia da seguran\u00e7a alimentar no futuro\u201d, disse.<\/p>\n\n\n\n<p>Na ocasi\u00e3o, Tereza Cristina tamb\u00e9m tratou da guerra tarif\u00e1ria e comercial entre os Estados Unidos e a China. Em sua opini\u00e3o, \u201co Brasil n\u00e3o tem que entrar nessa briga. O Brasil tem produtos para serem vendidos para os dois mercados, \u00e9 uma briga entre eles. Eles que se resolvam. O Brasil vai ver o melhor caminho para continuar a abertura de mercado em todos os pa\u00edses que quiserem comprar do Brasil, e n\u00f3s tamb\u00e9m temos que ir l\u00e1 vender o nosso peixe.\u201d<\/p>\n","protected":false},"excerpt":{"rendered":"<p>A equipe econ\u00f4mica est\u00e1 ultimando uma proposta integrada com as existentes na C\u00e2mara [dos Deputados] e no Senado [Federal]\u201d. A informa\u00e7\u00e3o \u00e9 do porta-voz da&hellip; <\/p>\n","protected":false},"author":1,"featured_media":108960,"comment_status":"closed","ping_status":"closed","sticky":false,"template":"","format":"standard","meta":{"sfsi_plus_gutenberg_text_before_share":"","sfsi_plus_gutenberg_show_text_before_share":"","sfsi_plus_gutenberg_icon_type":"","sfsi_plus_gutenberg_icon_alignemt":"","sfsi_plus_gutenburg_max_per_row":"","footnotes":""},"categories":[11],"tags":[],"class_list":["post-108959","post","type-post","status-publish","format-standard","has-post-thumbnail","hentry","category-politica"],"_links":{"self":[{"href":"https:\/\/www.caririemacao.com\/1\/wp-json\/wp\/v2\/posts\/108959","targetHints":{"allow":["GET"]}}],"collection":[{"href":"https:\/\/www.caririemacao.com\/1\/wp-json\/wp\/v2\/posts"}],"about":[{"href":"https:\/\/www.caririemacao.com\/1\/wp-json\/wp\/v2\/types\/post"}],"author":[{"embeddable":true,"href":"https:\/\/www.caririemacao.com\/1\/wp-json\/wp\/v2\/users\/1"}],"replies":[{"embeddable":true,"href":"https:\/\/www.caririemacao.com\/1\/wp-json\/wp\/v2\/comments?post=108959"}],"version-history":[{"count":1,"href":"https:\/\/www.caririemacao.com\/1\/wp-json\/wp\/v2\/posts\/108959\/revisions"}],"predecessor-version":[{"id":108961,"href":"https:\/\/www.caririemacao.com\/1\/wp-json\/wp\/v2\/posts\/108959\/revisions\/108961"}],"wp:featuredmedia":[{"embeddable":true,"href":"https:\/\/www.caririemacao.com\/1\/wp-json\/wp\/v2\/media\/108960"}],"wp:attachment":[{"href":"https:\/\/www.caririemacao.com\/1\/wp-json\/wp\/v2\/media?parent=108959"}],"wp:term":[{"taxonomy":"category","embeddable":true,"href":"https:\/\/www.caririemacao.com\/1\/wp-json\/wp\/v2\/categories?post=108959"},{"taxonomy":"post_tag","embeddable":true,"href":"https:\/\/www.caririemacao.com\/1\/wp-json\/wp\/v2\/tags?post=108959"}],"curies":[{"name":"wp","href":"https:\/\/api.w.org\/{rel}","templated":true}]}}