{"id":108966,"date":"2019-08-07T08:31:39","date_gmt":"2019-08-07T11:31:39","guid":{"rendered":"http:\/\/www.caririemacao.com\/1\/?p=108966"},"modified":"2019-08-07T08:31:39","modified_gmt":"2019-08-07T11:31:39","slug":"bolsonaro-muda-regra-de-publicacao-de-balancos-atinge-a-globo-e-provoca-a-imprensa","status":"publish","type":"post","link":"https:\/\/www.caririemacao.com\/1\/2019\/08\/07\/bolsonaro-muda-regra-de-publicacao-de-balancos-atinge-a-globo-e-provoca-a-imprensa\/","title":{"rendered":"Bolsonaro muda regra de publica\u00e7\u00e3o de balan\u00e7os, atinge a Globo e provoca a imprensa"},"content":{"rendered":"\n<p>O presidente Jair Bolsonaro assinou uma medida provis\u00f3ria que permite a empresas de capital aberto a publica\u00e7\u00e3o de balan\u00e7os no site da CVM (Comiss\u00e3o de Valores Mobili\u00e1rios) ou do Di\u00e1rio Oficial, em vez de ve\u00edculos impressos.<\/p>\n\n\n\n<p>A MP foi publicada no Di\u00e1rio Oficial da Uni\u00e3o nesta ter\u00e7a (6).<\/p>\n\n\n\n<p>Em um discurso com ataques aos meios de comunica\u00e7\u00e3o, pela manh\u00e3, em S\u00e3o Paulo, Bolsonaro fez o an\u00fancio questionando se a \u201cimprensa de papel\u201d iria public\u00e1-lo.<\/p>\n\n\n\n<p>\u201cEssa imprensa que eu tanto amo\u201d, afirmou, em meio a risos do p\u00fablico presente em evento do setor automotivo.<br>\u201cOntem [segunda, 5] assinei uma medida provis\u00f3ria que fala sobre publica\u00e7\u00e3o de balan\u00e7os referentes \u00e0s empresas de capital aberto\u201d, afirmou.<\/p>\n\n\n\n<p>Ele citou que a publica\u00e7\u00e3o desses balan\u00e7os, paga pelas empresas aos jornais, ocupa diversas p\u00e1ginas da m\u00eddia impressa. Mencionou, como exemplo, a Petrobras.<\/p>\n\n\n\n<p>\u201cPara ajudar a imprensa de papel\u201d, disse, em tom ir\u00f4nico, e continuou: \u201cE, para facilitar a vida de quem produz tamb\u00e9m, a nossa medida provis\u00f3ria faz com que os empres\u00e1rios possam publicar seus balan\u00e7os a custo zero em sites da CVM ou no Di\u00e1rio Oficial da Uni\u00e3o\u201d, acrescentou.<\/p>\n\n\n\n<p>\u201cAs grandes empresas gastavam com jornais em m\u00e9dia R$ 900 mil por ano. V\u00e3o deixar de gastar isso a\u00ed. Eu tenho certeza de que a imprensa vai apoiar isso a\u00ed. Obra de uma caneta BIC ou Compactor.\u201d<\/p>\n\n\n\n<p>Bolsonaro disse que o que quer da imprensa \u201c\u00e9 a verdade\u201d. \u201cEu quero que a imprensa venda a verdade para o povo brasileiro e n\u00e3o fa\u00e7a pol\u00edtica partid\u00e1ria, como v\u00eam fazendo alguns \u00f3rg\u00e3os de imprensa.\u201d<\/p>\n\n\n\n<p>Ironizou: \u201cEspero que o Valor Econ\u00f4mico sobreviva \u00e0 medida provis\u00f3ria de ontem\u201d. Em seguida, atacou compara\u00e7\u00e3o que afirma ter sido feita pelo jornal de seu programa econ\u00f4mico com o da ex-presidente Dilma Rousseff. \u201cPelo amor de Deus, gente. Eu n\u00e3o sou o Dilmo de cal\u00e7as compridas.\u201d<\/p>\n\n\n\n<p>O Valor Econ\u00f4mico, por ser dedicado \u00e0 cobertura econ\u00f4mica, recebe volume maior de balan\u00e7os das empresas. O Grupo Globo, que controla o jornal, n\u00e3o quis comentar as declara\u00e7\u00f5es.<br>A MP, com for\u00e7a de lei, tem validade de 60 dias e pode ser renovada por mais 60. Se em 120 dias n\u00e3o for votada pela C\u00e2mara e Senado, caducar\u00e1.<\/p>\n\n\n\n<p>\u00c0 tarde, em Itapira (SP), Bolsonaro voltou ao assunto. Afirmou que a medida \u00e9 uma retribui\u00e7\u00e3o \u00e0s a\u00e7\u00f5es da m\u00eddia, que, segundo ele, o esculachava e o chamava de fascista.<\/p>\n\n\n\n<p>\u201cNo dia de ontem eu retribui parte daquilo que a grande m\u00eddia me atacou. Assinei uma medida provis\u00f3ria fazendo com que os empres\u00e1rios que gastavam milh\u00f5es de reais ao publicar obrigatoriamente por for\u00e7a de lei seus balancetes agora podem faz\u00ea-lo no Di\u00e1rio Oficial da Uni\u00e3o a custo zero\u201d, afirmou.<\/p>\n\n\n\n<p>Depois, disse que n\u00e3o era retalia\u00e7\u00e3o. \u201c\u00c9 tirar o estado de cima daquele que produz.\u201d<\/p>\n\n\n\n<p>Ele tamb\u00e9m afirmou que setores da m\u00eddia deram a entender que ele tinha liga\u00e7\u00e3o com o caso de um militar preso com drogas no exterior, em viagem presidencial.<\/p>\n\n\n\n<p>\u201cQuanto eu poderia ganhar com 40 quilos de coca\u00edna? R$ 500 mil? Quanto eu posso ganhar com essa caneta BIC assinando coisa contra voc\u00eas, com risco quase zero?\u201d<\/p>\n\n\n\n<p>A MP mencionada por Bolsonaro n\u00e3o altera a publica\u00e7\u00e3o de editais, vinculados ao servi\u00e7o p\u00fablico.<\/p>\n\n\n\n<p>O presidente da ANJ (Associa\u00e7\u00e3o Nacional de Jornais), Marcelo Rech, afirma que \u00e9 \u201cum retrocesso do ponto de vista da transpar\u00eancia\u201d. Ele contrasta a publica\u00e7\u00e3o \u201co mais transparente poss\u00edvel\u201d, em jornais, com aquelas \u201c\u00e0s vezes em sites obscuros, que n\u00e3o ficam aos olhos p\u00fablicos\u201d.<\/p>\n\n\n\n<p>A mudan\u00e7a vai exigir de acionistas, inclusive minorit\u00e1rios, \u201ce da sociedade buscar e \u00e0s vezes com dificuldade encontrar informa\u00e7\u00f5es das empresas\u201d. Rech, que \u00e9 vice-presidente editorial do Grupo RBS, que publica o jornal Zero Hora, diz n\u00e3o ter elementos para afirmar que se trata de um a\u00e7\u00e3o pol\u00edtica do governo.<\/p>\n\n\n\n<p>\u201cO que \u00e9 estranho \u00e9 que o Congresso aprovou e ele mesmo [Bolsonaro] sancionou, em abril, um projeto de lei que estende a publica\u00e7\u00e3o de balan\u00e7os em jornais at\u00e9 31 de dezembro de 2021\u201d, diz Rech, sobre o projeto que mudava a mesma Lei das S.A. \u201cDepois seria publicado um resumo dos balan\u00e7os nos impressos, e a \u00edntegra, nos sites dos jornais.\u201d<br>O presidente da ANJ disse que \u201ctem espa\u00e7o para o questionamento, sem d\u00favida\u201d, da MP.<\/p>\n\n\n\n<p>Em nota, a ANJ comunicou que recebeu com surpresa e estranhamento a edi\u00e7\u00e3o da MP. \u201cAl\u00e9m de ir na contram\u00e3o da transpar\u00eancia de informa\u00e7\u00f5es exigida pela sociedade, a MP afronta parte da lei 13.818, rec\u00e9m-aprovada pela C\u00e2mara e pelo Senado e sancionada pelo pr\u00f3prio presidente em abril\u201d, diz o comunicado.<\/p>\n","protected":false},"excerpt":{"rendered":"<p>O presidente Jair Bolsonaro assinou uma medida provis\u00f3ria que permite a empresas de capital aberto a publica\u00e7\u00e3o de balan\u00e7os no site da CVM (Comiss\u00e3o de&hellip; <\/p>\n","protected":false},"author":1,"featured_media":105823,"comment_status":"closed","ping_status":"closed","sticky":false,"template":"","format":"standard","meta":{"sfsi_plus_gutenberg_text_before_share":"","sfsi_plus_gutenberg_show_text_before_share":"","sfsi_plus_gutenberg_icon_type":"","sfsi_plus_gutenberg_icon_alignemt":"","sfsi_plus_gutenburg_max_per_row":"","footnotes":""},"categories":[11],"tags":[],"class_list":["post-108966","post","type-post","status-publish","format-standard","has-post-thumbnail","hentry","category-politica"],"_links":{"self":[{"href":"https:\/\/www.caririemacao.com\/1\/wp-json\/wp\/v2\/posts\/108966","targetHints":{"allow":["GET"]}}],"collection":[{"href":"https:\/\/www.caririemacao.com\/1\/wp-json\/wp\/v2\/posts"}],"about":[{"href":"https:\/\/www.caririemacao.com\/1\/wp-json\/wp\/v2\/types\/post"}],"author":[{"embeddable":true,"href":"https:\/\/www.caririemacao.com\/1\/wp-json\/wp\/v2\/users\/1"}],"replies":[{"embeddable":true,"href":"https:\/\/www.caririemacao.com\/1\/wp-json\/wp\/v2\/comments?post=108966"}],"version-history":[{"count":1,"href":"https:\/\/www.caririemacao.com\/1\/wp-json\/wp\/v2\/posts\/108966\/revisions"}],"predecessor-version":[{"id":108967,"href":"https:\/\/www.caririemacao.com\/1\/wp-json\/wp\/v2\/posts\/108966\/revisions\/108967"}],"wp:featuredmedia":[{"embeddable":true,"href":"https:\/\/www.caririemacao.com\/1\/wp-json\/wp\/v2\/media\/105823"}],"wp:attachment":[{"href":"https:\/\/www.caririemacao.com\/1\/wp-json\/wp\/v2\/media?parent=108966"}],"wp:term":[{"taxonomy":"category","embeddable":true,"href":"https:\/\/www.caririemacao.com\/1\/wp-json\/wp\/v2\/categories?post=108966"},{"taxonomy":"post_tag","embeddable":true,"href":"https:\/\/www.caririemacao.com\/1\/wp-json\/wp\/v2\/tags?post=108966"}],"curies":[{"name":"wp","href":"https:\/\/api.w.org\/{rel}","templated":true}]}}