{"id":108978,"date":"2019-08-07T13:28:57","date_gmt":"2019-08-07T16:28:57","guid":{"rendered":"http:\/\/www.caririemacao.com\/1\/?p=108978"},"modified":"2019-08-07T13:28:57","modified_gmt":"2019-08-07T16:28:57","slug":"integrante-de-quadrilha-especializada-em-roubo-de-carga-e-preso-no-cariri","status":"publish","type":"post","link":"https:\/\/www.caririemacao.com\/1\/2019\/08\/07\/integrante-de-quadrilha-especializada-em-roubo-de-carga-e-preso-no-cariri\/","title":{"rendered":"Integrante de quadrilha especializada em roubo de carga \u00e9 preso no Cariri"},"content":{"rendered":"\n<p><br>A Pol\u00edcia Civil de Ouro Velho e Prata, com o apoio do Grupo T\u00e1tico Especial-GTE da 14\u00aa Delegacia Seccional de Pol\u00edcia Civil de Monteiro, prenderam em flagrante no final da tarde desta ter\u00e7a-feira (06), em flagrante, um homem de 35 anos, integrante de quadrilha especializada em roubo de carga.<\/p>\n\n\n\n<p>Conforme informa\u00e7\u00f5es repassadas pela Pol\u00edcia, os policiais encontraram com ele um caminh\u00e3o, Mercedes Benz, Atron 2324, placas de Princesa Isabel\/PB, roubado na madrugada da \u00faltima segunda-feira (05), no munic\u00edpio de S\u00e3o Jos\u00e9 do Belmonte\/PE, carregado com 600 (seiscentos botij\u00f5es de g\u00e1s). A referida carga tinha como destino o Crato\/CE, mas foi interceptada por 03 criminosos, os quais levaram o caminh\u00e3o para o munic\u00edpio de S\u00e3o Jos\u00e9 do Egito\/PE com a inten\u00e7\u00e3o de \u201cdesovar\u201d o material, contudo, o grupo criminoso n\u00e3o conseguiu retirar todo o carregamento, e parte dos botij\u00f5es foi apreendida pela pol\u00edcia, ainda no referido munic\u00edpio pernambucano.<\/p>\n\n\n\n<p>Em seguida a associa\u00e7\u00e3o criminosa se separou, tendo o indiv\u00edduo de 35 anos ficado na incumb\u00eancia de vender o referido caminh\u00e3o (Mercedes-Benz), na cidade de Santa Cruz do Capibaribe\/PE, onde j\u00e1 havia um comprador certo, quando foi abordado pela Pol\u00edcia Civil do Cariri, enquanto transitava na rodovia que d\u00e1 acesso ao munic\u00edpio de Ouro Velho\/PB, sendo preso.<\/p>\n\n\n\n<p>Ele foi autuado pelos crimes de Roubo Majorado e Associa\u00e7\u00e3o Criminosa, e est\u00e1 aguardando a audi\u00eancia de cust\u00f3dia, na carceragem da 14 DSPC\/Monteiro.<\/p>\n","protected":false},"excerpt":{"rendered":"<p>A Pol\u00edcia Civil de Ouro Velho e Prata, com o apoio do Grupo T\u00e1tico Especial-GTE da 14\u00aa Delegacia Seccional de Pol\u00edcia Civil de Monteiro, prenderam&hellip; <\/p>\n","protected":false},"author":1,"featured_media":108980,"comment_status":"closed","ping_status":"closed","sticky":false,"template":"","format":"standard","meta":{"sfsi_plus_gutenberg_text_before_share":"","sfsi_plus_gutenberg_show_text_before_share":"","sfsi_plus_gutenberg_icon_type":"","sfsi_plus_gutenberg_icon_alignemt":"","sfsi_plus_gutenburg_max_per_row":"","footnotes":""},"categories":[12],"tags":[],"class_list":["post-108978","post","type-post","status-publish","format-standard","has-post-thumbnail","hentry","category-policia"],"_links":{"self":[{"href":"https:\/\/www.caririemacao.com\/1\/wp-json\/wp\/v2\/posts\/108978","targetHints":{"allow":["GET"]}}],"collection":[{"href":"https:\/\/www.caririemacao.com\/1\/wp-json\/wp\/v2\/posts"}],"about":[{"href":"https:\/\/www.caririemacao.com\/1\/wp-json\/wp\/v2\/types\/post"}],"author":[{"embeddable":true,"href":"https:\/\/www.caririemacao.com\/1\/wp-json\/wp\/v2\/users\/1"}],"replies":[{"embeddable":true,"href":"https:\/\/www.caririemacao.com\/1\/wp-json\/wp\/v2\/comments?post=108978"}],"version-history":[{"count":1,"href":"https:\/\/www.caririemacao.com\/1\/wp-json\/wp\/v2\/posts\/108978\/revisions"}],"predecessor-version":[{"id":108981,"href":"https:\/\/www.caririemacao.com\/1\/wp-json\/wp\/v2\/posts\/108978\/revisions\/108981"}],"wp:featuredmedia":[{"embeddable":true,"href":"https:\/\/www.caririemacao.com\/1\/wp-json\/wp\/v2\/media\/108980"}],"wp:attachment":[{"href":"https:\/\/www.caririemacao.com\/1\/wp-json\/wp\/v2\/media?parent=108978"}],"wp:term":[{"taxonomy":"category","embeddable":true,"href":"https:\/\/www.caririemacao.com\/1\/wp-json\/wp\/v2\/categories?post=108978"},{"taxonomy":"post_tag","embeddable":true,"href":"https:\/\/www.caririemacao.com\/1\/wp-json\/wp\/v2\/tags?post=108978"}],"curies":[{"name":"wp","href":"https:\/\/api.w.org\/{rel}","templated":true}]}}