{"id":108985,"date":"2019-08-07T13:48:29","date_gmt":"2019-08-07T16:48:29","guid":{"rendered":"http:\/\/www.caririemacao.com\/1\/?p=108985"},"modified":"2019-08-07T13:48:29","modified_gmt":"2019-08-07T16:48:29","slug":"vereador-bobo-emite-nota-sobre-suposta-venda-de-mandato-os-verdadeiros-marginais-tentam-escapar-do-crivo-da-lei","status":"publish","type":"post","link":"https:\/\/www.caririemacao.com\/1\/2019\/08\/07\/vereador-bobo-emite-nota-sobre-suposta-venda-de-mandato-os-verdadeiros-marginais-tentam-escapar-do-crivo-da-lei\/","title":{"rendered":"Vereador Bob\u00f4 emite nota sobre suposta venda de mandato \u201cos verdadeiros marginais tentam escapar do crivo da lei\u201d"},"content":{"rendered":"\n<p>Recorro a essa nota para conversar com meus familiares, com meus amigos, com as pessoas que me conhecem h\u00e1 d\u00e9cadas e sabem da minha retid\u00e3o de car\u00e1ter, da minha integridade, da palavra empenhada e sempre honrada.<\/p>\n\n\n\n<p>Quem me conhece sabe que essa acusa\u00e7\u00e3o sobre mim, n\u00e3o vai macular minha hist\u00f3ria, mesmo porque trata-se de fato requentado pelo grupo pol\u00edtico liderado pelo prefeito da Prata,&nbsp;<strong>Ant\u00f4nio da Costa N\u00f3brega J\u00fanior<\/strong>, e sua esposa, a Secret\u00e1ria de Sa\u00fade,&nbsp;<strong>Maria Aparecida Costa N\u00f3brega<\/strong>.<\/p>\n\n\n\n<p>Tomando ci\u00eancia, pela imprensa, de alus\u00f5es feitas ao meu nome na investiga\u00e7\u00e3o que apura a suposta venda de um mandato de vereador na cidade de Prata, no Cariri do Estado , esclare\u00e7o que:<\/p>\n\n\n\n<p><strong>1)<\/strong>&nbsp;Estou acompanhando as decis\u00f5es sobre o assunto ora exposto e permanecemos \u00e0 disposi\u00e7\u00e3o da justi\u00e7a, para auxili\u00e1-los em qualquer esclarecimento que se fizer necess\u00e1rio;<\/p>\n\n\n\n<p><strong>2)<\/strong>&nbsp;Reafirmo minha lisura no tempo em que estive como vereador do munic\u00edpio da Prata e deixarei provado nos autos do processo a veracidade da minha inoc\u00eancia;<\/p>\n\n\n\n<p><strong>3)<\/strong>&nbsp;Quero ressaltar que confio plenamente na Justi\u00e7a do meu pa\u00eds, que tem anulado dezenas de inqu\u00e9ritos instaurados por for\u00e7a de um denuncismo, onde verdadeiros marginais tentam escapar do crivo da lei inventando est\u00f3rias que n\u00e3o se sustentam;<\/p>\n\n\n\n<p><strong>4)<\/strong>&nbsp;Por fim, agrade\u00e7o ao apoio de todos os pratenses e reafirmo minha disposi\u00e7\u00e3o de continuar lutando, dentro da legalidade, pelo desenvolvimento do munic\u00edpio da Prata, bem como de todo o cariri Paraibano;<\/p>\n\n\n\n<p><strong>Jos\u00e9 Erinaldo de Sousa \u2013 Bob\u00f4 (06.08.2019)<\/strong><\/p>\n\n\n\n<p>Confira abaixo a decis\u00e3o de arquivamento da parte civil do processo, decis\u00e3o essa expedida pelo promotor Bruno Leonardo Lins:<\/p>\n\n\n\n<figure class=\"wp-block-image\"><img decoding=\"async\" data-src=\"https:\/\/www.politicaparahyba.com.br\/wp-content\/uploads\/2019\/08\/PARTE-1-169x300.jpg\" alt=\"\" class=\"wp-image-8640 lazyload\" src=\"data:image\/svg+xml;base64,PHN2ZyB3aWR0aD0iMSIgaGVpZ2h0PSIxIiB4bWxucz0iaHR0cDovL3d3dy53My5vcmcvMjAwMC9zdmciPjwvc3ZnPg==\" style=\"--smush-placeholder-width: 169px; --smush-placeholder-aspect-ratio: 169\/300;\" \/><\/figure>\n\n\n\n<figure class=\"wp-block-image\"><img decoding=\"async\" data-src=\"https:\/\/www.politicaparahyba.com.br\/wp-content\/uploads\/2019\/08\/PARTE-2-169x300.jpg\" alt=\"\" class=\"wp-image-8641 lazyload\" src=\"data:image\/svg+xml;base64,PHN2ZyB3aWR0aD0iMSIgaGVpZ2h0PSIxIiB4bWxucz0iaHR0cDovL3d3dy53My5vcmcvMjAwMC9zdmciPjwvc3ZnPg==\" style=\"--smush-placeholder-width: 169px; --smush-placeholder-aspect-ratio: 169\/300;\" \/><\/figure>\n\n\n\n<figure class=\"wp-block-image\"><img decoding=\"async\" data-src=\"https:\/\/www.politicaparahyba.com.br\/wp-content\/uploads\/2019\/08\/PARTE-3-169x300.jpg\" alt=\"\" class=\"wp-image-8642 lazyload\" src=\"data:image\/svg+xml;base64,PHN2ZyB3aWR0aD0iMSIgaGVpZ2h0PSIxIiB4bWxucz0iaHR0cDovL3d3dy53My5vcmcvMjAwMC9zdmciPjwvc3ZnPg==\" style=\"--smush-placeholder-width: 169px; --smush-placeholder-aspect-ratio: 169\/300;\" \/><\/figure>\n\n\n\n<figure class=\"wp-block-image\"><img decoding=\"async\" data-src=\"https:\/\/www.politicaparahyba.com.br\/wp-content\/uploads\/2019\/08\/parte-4-169x300.jpg\" alt=\"\" class=\"wp-image-8643 lazyload\" src=\"data:image\/svg+xml;base64,PHN2ZyB3aWR0aD0iMSIgaGVpZ2h0PSIxIiB4bWxucz0iaHR0cDovL3d3dy53My5vcmcvMjAwMC9zdmciPjwvc3ZnPg==\" style=\"--smush-placeholder-width: 169px; --smush-placeholder-aspect-ratio: 169\/300;\" \/><\/figure>\n","protected":false},"excerpt":{"rendered":"<p>Recorro a essa nota para conversar com meus familiares, com meus amigos, com as pessoas que me conhecem h\u00e1 d\u00e9cadas e sabem da minha retid\u00e3o&hellip; <\/p>\n","protected":false},"author":1,"featured_media":108986,"comment_status":"closed","ping_status":"closed","sticky":false,"template":"","format":"standard","meta":{"sfsi_plus_gutenberg_text_before_share":"","sfsi_plus_gutenberg_show_text_before_share":"","sfsi_plus_gutenberg_icon_type":"","sfsi_plus_gutenberg_icon_alignemt":"","sfsi_plus_gutenburg_max_per_row":"","footnotes":""},"categories":[2],"tags":[],"class_list":["post-108985","post","type-post","status-publish","format-standard","has-post-thumbnail","hentry","category-geral"],"_links":{"self":[{"href":"https:\/\/www.caririemacao.com\/1\/wp-json\/wp\/v2\/posts\/108985","targetHints":{"allow":["GET"]}}],"collection":[{"href":"https:\/\/www.caririemacao.com\/1\/wp-json\/wp\/v2\/posts"}],"about":[{"href":"https:\/\/www.caririemacao.com\/1\/wp-json\/wp\/v2\/types\/post"}],"author":[{"embeddable":true,"href":"https:\/\/www.caririemacao.com\/1\/wp-json\/wp\/v2\/users\/1"}],"replies":[{"embeddable":true,"href":"https:\/\/www.caririemacao.com\/1\/wp-json\/wp\/v2\/comments?post=108985"}],"version-history":[{"count":1,"href":"https:\/\/www.caririemacao.com\/1\/wp-json\/wp\/v2\/posts\/108985\/revisions"}],"predecessor-version":[{"id":108987,"href":"https:\/\/www.caririemacao.com\/1\/wp-json\/wp\/v2\/posts\/108985\/revisions\/108987"}],"wp:featuredmedia":[{"embeddable":true,"href":"https:\/\/www.caririemacao.com\/1\/wp-json\/wp\/v2\/media\/108986"}],"wp:attachment":[{"href":"https:\/\/www.caririemacao.com\/1\/wp-json\/wp\/v2\/media?parent=108985"}],"wp:term":[{"taxonomy":"category","embeddable":true,"href":"https:\/\/www.caririemacao.com\/1\/wp-json\/wp\/v2\/categories?post=108985"},{"taxonomy":"post_tag","embeddable":true,"href":"https:\/\/www.caririemacao.com\/1\/wp-json\/wp\/v2\/tags?post=108985"}],"curies":[{"name":"wp","href":"https:\/\/api.w.org\/{rel}","templated":true}]}}