{"id":108997,"date":"2019-08-07T13:55:35","date_gmt":"2019-08-07T16:55:35","guid":{"rendered":"http:\/\/www.caririemacao.com\/1\/?p=108997"},"modified":"2019-08-07T13:55:35","modified_gmt":"2019-08-07T16:55:35","slug":"governador-joao-azevedo-aguarda-inquerito-para-apurar-fechamento-de-delegacia-em-juazeirinho","status":"publish","type":"post","link":"https:\/\/www.caririemacao.com\/1\/2019\/08\/07\/governador-joao-azevedo-aguarda-inquerito-para-apurar-fechamento-de-delegacia-em-juazeirinho\/","title":{"rendered":"Governador Jo\u00e3o Azev\u00eado aguarda inqu\u00e9rito para apurar fechamento de delegacia em Juazeirinho"},"content":{"rendered":"\n<p>O governador Jo\u00e3o Azev\u00eado (PSB) disse, nesta quarta-feira (7), que vai aguardar a conclus\u00e3o do inqu\u00e9rito do&nbsp;assassinato da cabeleireira Rosinete Martins da Silva, para tratar sobre a pol\u00edtica de funcionamento das delegacias no interior do estado.<\/p>\n\n\n\n<p>Na \u00faltima segunda-feira (5), Rosinete Silva foi morta a tiros pelo ex-marido em Juazeirinho, que logo depois se suicidou. Antes, a cabeleireira ligou para uma amiga e disse que iria denunci\u00e1-lo, por\u00e9m, a delegacia estava fechada.<\/p>\n\n\n\n<p>\u201cQualquer atividade ou qualquer ato que tenha acontecido \u00e9 objeto de instaura\u00e7\u00e3o de inqu\u00e9rito e n\u00f3s entenderemos o por qu\u00ea isso aconteceu. Isso ser\u00e1 levantado, ser\u00e1 apurado para justamente [responder] essas quest\u00f5es\u201d, afirmou Azev\u00eado.<\/p>\n\n\n\n<p>No primeiro semestre deste ano, 17 homic\u00eddios de mulheres est\u00e3o sendo investigados como feminic\u00eddio na Para\u00edba, o que representa 53% dos assassinatos, tornando a propor\u00e7\u00e3o maior do que o mesmo per\u00edodo do ano passado, quando chegamos a 44%.<\/p>\n\n\n\n<p><strong>Lei Maria da Penha<\/strong><\/p>\n\n\n\n<p>A Lei 11.340\/06, batizada como Lei Maria da Penha, completa 13 anos nesta quarta-feira e foi respons\u00e1vel por modificar a disciplina jur\u00eddica aplic\u00e1vel \u00e0s mulheres em situa\u00e7\u00e3o de viol\u00eancia dom\u00e9stica e familiar. A legisla\u00e7\u00e3o ganhou este nome devido \u00e0 luta da farmac\u00eautica Maria da Penha para ver seu agressor condenado. A mat\u00e9ria n\u00e3o contempla apenas os casos de agress\u00e3o f\u00edsica. Tamb\u00e9m est\u00e3o previstas as situa\u00e7\u00f5es de viol\u00eancia psicol\u00f3gica como afastamento dos amigos e familiares, ofensas, destrui\u00e7\u00e3o de objetos e documentos, difama\u00e7\u00e3o e cal\u00fania.<\/p>\n\n\n\n<p>Em alus\u00e3o \u00e0 data, o governador entregou hoje a Patrulha Maria da Penha da Para\u00edba (PMP-PB) com a entrega de tr\u00eas viaturas caracterizadas e unidade m\u00f3vel (\u00d4nibus Lil\u00e1s). A PMP integra o Programa Mulher Protegida do Programa Para\u00edba Unida pela Paz e vai monitorar a seguran\u00e7a das mulheres que est\u00e3o sob medidas protetivas.<\/p>\n","protected":false},"excerpt":{"rendered":"<p>O governador Jo\u00e3o Azev\u00eado (PSB) disse, nesta quarta-feira (7), que vai aguardar a conclus\u00e3o do inqu\u00e9rito do&nbsp;assassinato da cabeleireira Rosinete Martins da Silva, para tratar&hellip; <\/p>\n","protected":false},"author":1,"featured_media":108998,"comment_status":"closed","ping_status":"closed","sticky":false,"template":"","format":"standard","meta":{"sfsi_plus_gutenberg_text_before_share":"","sfsi_plus_gutenberg_show_text_before_share":"","sfsi_plus_gutenberg_icon_type":"","sfsi_plus_gutenberg_icon_alignemt":"","sfsi_plus_gutenburg_max_per_row":"","footnotes":""},"categories":[11],"tags":[],"class_list":["post-108997","post","type-post","status-publish","format-standard","has-post-thumbnail","hentry","category-politica"],"_links":{"self":[{"href":"https:\/\/www.caririemacao.com\/1\/wp-json\/wp\/v2\/posts\/108997","targetHints":{"allow":["GET"]}}],"collection":[{"href":"https:\/\/www.caririemacao.com\/1\/wp-json\/wp\/v2\/posts"}],"about":[{"href":"https:\/\/www.caririemacao.com\/1\/wp-json\/wp\/v2\/types\/post"}],"author":[{"embeddable":true,"href":"https:\/\/www.caririemacao.com\/1\/wp-json\/wp\/v2\/users\/1"}],"replies":[{"embeddable":true,"href":"https:\/\/www.caririemacao.com\/1\/wp-json\/wp\/v2\/comments?post=108997"}],"version-history":[{"count":1,"href":"https:\/\/www.caririemacao.com\/1\/wp-json\/wp\/v2\/posts\/108997\/revisions"}],"predecessor-version":[{"id":108999,"href":"https:\/\/www.caririemacao.com\/1\/wp-json\/wp\/v2\/posts\/108997\/revisions\/108999"}],"wp:featuredmedia":[{"embeddable":true,"href":"https:\/\/www.caririemacao.com\/1\/wp-json\/wp\/v2\/media\/108998"}],"wp:attachment":[{"href":"https:\/\/www.caririemacao.com\/1\/wp-json\/wp\/v2\/media?parent=108997"}],"wp:term":[{"taxonomy":"category","embeddable":true,"href":"https:\/\/www.caririemacao.com\/1\/wp-json\/wp\/v2\/categories?post=108997"},{"taxonomy":"post_tag","embeddable":true,"href":"https:\/\/www.caririemacao.com\/1\/wp-json\/wp\/v2\/tags?post=108997"}],"curies":[{"name":"wp","href":"https:\/\/api.w.org\/{rel}","templated":true}]}}