{"id":109002,"date":"2019-08-07T13:57:09","date_gmt":"2019-08-07T16:57:09","guid":{"rendered":"http:\/\/www.caririemacao.com\/1\/?p=109002"},"modified":"2019-08-07T13:57:09","modified_gmt":"2019-08-07T16:57:09","slug":"jefferson-roberto-conclui-plenarias-do-od-municipal-e-populacao-da-zona-urbana-elege-prioridades-para-2020","status":"publish","type":"post","link":"https:\/\/www.caririemacao.com\/1\/2019\/08\/07\/jefferson-roberto-conclui-plenarias-do-od-municipal-e-populacao-da-zona-urbana-elege-prioridades-para-2020\/","title":{"rendered":"Jefferson Roberto conclui plen\u00e1rias do OD Municipal e popula\u00e7\u00e3o da zona urbana elege prioridades para 2020"},"content":{"rendered":"\n<p>A popula\u00e7\u00e3o da zona urbana de S\u00e3o Jos\u00e9 dos Cordeiros aderiu ao convite da Prefeitura Municipal e esteve junto ao prefeito Jefferson Roberto, vereadores e secret\u00e1rios municipais discutindo as prioridades da gest\u00e3o para o or\u00e7amento de 2020. Ap\u00f3s 12 plen\u00e1rias na zona rural, o prefeito Jefferson Roberto liderou o \u00faltimo encontro nesta quarta-feira (07), no Clube Asa Branca, e reuniu populares e v\u00e1rias lideran\u00e7as locais.<\/p>\n\n\n\n<figure class=\"wp-block-image\"><img decoding=\"async\" data-src=\"http:\/\/deolhonocariri.com.br\/wp-content\/uploads\/2019\/08\/jefferson_odm_2.jpg\" alt=\"\" class=\"wp-image-70036 lazyload\" src=\"data:image\/svg+xml;base64,PHN2ZyB3aWR0aD0iMSIgaGVpZ2h0PSIxIiB4bWxucz0iaHR0cDovL3d3dy53My5vcmcvMjAwMC9zdmciPjwvc3ZnPg==\" \/><\/figure>\n\n\n\n<p><em>Foto: Felipe Diniz<\/em><\/p>\n\n\n\n<p>O projeto do Or\u00e7amento Democr\u00e1tico Municipal foi implantado na atual gest\u00e3o e \u00e9 um mecanismo do governo para junto com a popula\u00e7\u00e3o construir o plano de a\u00e7\u00f5es para o ano seguinte. O ODM foi inspirado no modelo de Or\u00e7amento Democr\u00e1tico, constru\u00eddo pelo governo socialista no Estado da Para\u00edba.<\/p>\n\n\n\n<p>Na \u00faltima plen\u00e1ria do OD em S\u00e3o Jos\u00e9 dos Cordeiros foram eleitas como prioridades da gest\u00e3o na zona urbana a reforma da Unidade de Sa\u00fade Maria Helena de Brito, mais obras de pavimenta\u00e7\u00e3o e esgotamento sanit\u00e1rio e investimentos na seguran\u00e7a p\u00fablica.<\/p>\n\n\n\n<p>O encontro foi liderado pelo prefeito Jefferson Roberto e contou com a participa\u00e7\u00e3o dos vereadores Dami\u00e3o de Souza e Nozinho, al\u00e9m dos secret\u00e1rios Gra\u00e7a Queiroz, Dayvison Romeryto, S\u00e9rgio Sousa, Fel\u00edcio Queiroz, Josilene Ara\u00fajo, Fl\u00e1via Dowsley, Valfredo Dantas e Genival Leite. Ainda participou o contador da Prefeitura, Alexandre Aureliano.<\/p>\n\n\n\n<figure class=\"wp-block-image\"><img decoding=\"async\" data-src=\"http:\/\/deolhonocariri.com.br\/wp-content\/uploads\/2019\/08\/jefferson_odm_5.jpg\" alt=\"\" class=\"wp-image-70037 lazyload\" src=\"data:image\/svg+xml;base64,PHN2ZyB3aWR0aD0iMSIgaGVpZ2h0PSIxIiB4bWxucz0iaHR0cDovL3d3dy53My5vcmcvMjAwMC9zdmciPjwvc3ZnPg==\" \/><\/figure>\n\n\n\n<p><em>Foto: Arthur Ara\u00fajo<\/em><\/p>\n\n\n\n<p>Para o prefeito Jefferson Roberto, o Or\u00e7amento Democr\u00e1tico Municipal, a exemplo do que ocorreu no Estado, est\u00e1 se transformando em uma pol\u00edtica p\u00fablica em S\u00e3o Jos\u00e9 dos Cordeiros e \u00e9 um instrumento democr\u00e1tico de participa\u00e7\u00e3o popular nas decis\u00f5es administrativas da cidade. \u201cPassou o tempo em que o gestor definia no gabinete o que iria fazer com o dinheiro do povo. Vivemos um tempo em que o povo quer ter vez e voz e esse projeto empodera a popula\u00e7\u00e3o na escolha das prioridades de investimento por parte do munic\u00edpio\u201d. Jefferson ainda afirmou que n\u00e3o medir\u00e1 esfor\u00e7os para executar o m\u00e1ximo de prioridades eleitas pela popula\u00e7\u00e3o, tanto na zona urbana como na zona rural.<\/p>\n\n\n\n<p>Al\u00e9m do clube Asa Branca, foram realizadas plen\u00e1rias do ODM nas comunidades rurais de Pedra Lavrada, Serra da Pelada, Lagoa de Ro\u00e7a, Viveiro, Impueira Funda, Sim\u00e3o Lopes, Ro\u00e7ado de Fora, Algod\u00e3o, Sal\u00e3o, Barra do Mineiro, Cazuzinha e Mundo Novo.<\/p>\n\n\n\n<p><strong>Ascom<\/strong><\/p>\n","protected":false},"excerpt":{"rendered":"<p>A popula\u00e7\u00e3o da zona urbana de S\u00e3o Jos\u00e9 dos Cordeiros aderiu ao convite da Prefeitura Municipal e esteve junto ao prefeito Jefferson Roberto, vereadores e&hellip; <\/p>\n","protected":false},"author":1,"featured_media":109003,"comment_status":"closed","ping_status":"closed","sticky":false,"template":"","format":"standard","meta":{"sfsi_plus_gutenberg_text_before_share":"","sfsi_plus_gutenberg_show_text_before_share":"","sfsi_plus_gutenberg_icon_type":"","sfsi_plus_gutenberg_icon_alignemt":"","sfsi_plus_gutenburg_max_per_row":"","footnotes":""},"categories":[2],"tags":[],"class_list":["post-109002","post","type-post","status-publish","format-standard","has-post-thumbnail","hentry","category-geral"],"_links":{"self":[{"href":"https:\/\/www.caririemacao.com\/1\/wp-json\/wp\/v2\/posts\/109002","targetHints":{"allow":["GET"]}}],"collection":[{"href":"https:\/\/www.caririemacao.com\/1\/wp-json\/wp\/v2\/posts"}],"about":[{"href":"https:\/\/www.caririemacao.com\/1\/wp-json\/wp\/v2\/types\/post"}],"author":[{"embeddable":true,"href":"https:\/\/www.caririemacao.com\/1\/wp-json\/wp\/v2\/users\/1"}],"replies":[{"embeddable":true,"href":"https:\/\/www.caririemacao.com\/1\/wp-json\/wp\/v2\/comments?post=109002"}],"version-history":[{"count":1,"href":"https:\/\/www.caririemacao.com\/1\/wp-json\/wp\/v2\/posts\/109002\/revisions"}],"predecessor-version":[{"id":109004,"href":"https:\/\/www.caririemacao.com\/1\/wp-json\/wp\/v2\/posts\/109002\/revisions\/109004"}],"wp:featuredmedia":[{"embeddable":true,"href":"https:\/\/www.caririemacao.com\/1\/wp-json\/wp\/v2\/media\/109003"}],"wp:attachment":[{"href":"https:\/\/www.caririemacao.com\/1\/wp-json\/wp\/v2\/media?parent=109002"}],"wp:term":[{"taxonomy":"category","embeddable":true,"href":"https:\/\/www.caririemacao.com\/1\/wp-json\/wp\/v2\/categories?post=109002"},{"taxonomy":"post_tag","embeddable":true,"href":"https:\/\/www.caririemacao.com\/1\/wp-json\/wp\/v2\/tags?post=109002"}],"curies":[{"name":"wp","href":"https:\/\/api.w.org\/{rel}","templated":true}]}}