{"id":109021,"date":"2019-08-07T14:05:24","date_gmt":"2019-08-07T17:05:24","guid":{"rendered":"http:\/\/www.caririemacao.com\/1\/?p=109021"},"modified":"2019-08-07T14:05:24","modified_gmt":"2019-08-07T17:05:24","slug":"lula-sera-transferido-para-penitenciaria-de-tremembe-no-interior-de-sao-paulo","status":"publish","type":"post","link":"https:\/\/www.caririemacao.com\/1\/2019\/08\/07\/lula-sera-transferido-para-penitenciaria-de-tremembe-no-interior-de-sao-paulo\/","title":{"rendered":"Lula ser\u00e1 transferido para penitenci\u00e1ria de Trememb\u00e9, no interior de S\u00e3o Paulo"},"content":{"rendered":"\n<p>O juiz corregedor Paulo Eduardo de Almeida Sorci, do Tribunal de Justi\u00e7a de S\u00e3o Paulo, determinou a transfer\u00eancia do ex-presidente Lula para a Penitenci\u00e1ria II de Trememb\u00e9 &#8220;Jos\u00e9 Augusto C\u00e9sar Salgado&#8221;, localizada no interior de S\u00e3o Paulo.&nbsp;<\/p>\n\n\n\n<p>O juiz atendeu a pedido formulado pela ju\u00edza da 12\u00aa Vara Federal de Curitiba, Carolina Lebbos, que determinou nesta quarta a remo\u00e7\u00e3o do ex-presidente da carceragem da Pol\u00edcia Federal (PF) em Curitiba para uma unidade prisional de S\u00e3o Paulo, atendendo a um pedido da Pol\u00edcia Federal.<\/p>\n\n\n\n<p>O&nbsp;ex-presidente Lula est\u00e1 preso na carceragem da Superintend\u00eancia da Pol\u00edcia Federal em Curitiba desde abril de 2018. Ele cumpre pena de 12 anos e 1 m\u00eas de pris\u00e3o ap\u00f3s condena\u00e7\u00e3o pela Lava Jato no caso do Triplex no Guaruj\u00e1.<\/p>\n","protected":false},"excerpt":{"rendered":"<p>O juiz corregedor Paulo Eduardo de Almeida Sorci, do Tribunal de Justi\u00e7a de S\u00e3o Paulo, determinou a transfer\u00eancia do ex-presidente Lula para a Penitenci\u00e1ria II&hellip; <\/p>\n","protected":false},"author":1,"featured_media":100247,"comment_status":"closed","ping_status":"closed","sticky":false,"template":"","format":"standard","meta":{"sfsi_plus_gutenberg_text_before_share":"","sfsi_plus_gutenberg_show_text_before_share":"","sfsi_plus_gutenberg_icon_type":"","sfsi_plus_gutenberg_icon_alignemt":"","sfsi_plus_gutenburg_max_per_row":"","footnotes":""},"categories":[50,11],"tags":[],"class_list":["post-109021","post","type-post","status-publish","format-standard","has-post-thumbnail","hentry","category-destaque","category-politica"],"_links":{"self":[{"href":"https:\/\/www.caririemacao.com\/1\/wp-json\/wp\/v2\/posts\/109021","targetHints":{"allow":["GET"]}}],"collection":[{"href":"https:\/\/www.caririemacao.com\/1\/wp-json\/wp\/v2\/posts"}],"about":[{"href":"https:\/\/www.caririemacao.com\/1\/wp-json\/wp\/v2\/types\/post"}],"author":[{"embeddable":true,"href":"https:\/\/www.caririemacao.com\/1\/wp-json\/wp\/v2\/users\/1"}],"replies":[{"embeddable":true,"href":"https:\/\/www.caririemacao.com\/1\/wp-json\/wp\/v2\/comments?post=109021"}],"version-history":[{"count":1,"href":"https:\/\/www.caririemacao.com\/1\/wp-json\/wp\/v2\/posts\/109021\/revisions"}],"predecessor-version":[{"id":109022,"href":"https:\/\/www.caririemacao.com\/1\/wp-json\/wp\/v2\/posts\/109021\/revisions\/109022"}],"wp:featuredmedia":[{"embeddable":true,"href":"https:\/\/www.caririemacao.com\/1\/wp-json\/wp\/v2\/media\/100247"}],"wp:attachment":[{"href":"https:\/\/www.caririemacao.com\/1\/wp-json\/wp\/v2\/media?parent=109021"}],"wp:term":[{"taxonomy":"category","embeddable":true,"href":"https:\/\/www.caririemacao.com\/1\/wp-json\/wp\/v2\/categories?post=109021"},{"taxonomy":"post_tag","embeddable":true,"href":"https:\/\/www.caririemacao.com\/1\/wp-json\/wp\/v2\/tags?post=109021"}],"curies":[{"name":"wp","href":"https:\/\/api.w.org\/{rel}","templated":true}]}}