{"id":109027,"date":"2019-08-07T14:07:03","date_gmt":"2019-08-07T17:07:03","guid":{"rendered":"http:\/\/www.caririemacao.com\/1\/?p=109027"},"modified":"2019-08-07T14:07:03","modified_gmt":"2019-08-07T17:07:03","slug":"veneziano-defende-pec-que-proibe-eduardo-bolsonaro-de-ser-embaixador-do-brasil-nos-eua","status":"publish","type":"post","link":"https:\/\/www.caririemacao.com\/1\/2019\/08\/07\/veneziano-defende-pec-que-proibe-eduardo-bolsonaro-de-ser-embaixador-do-brasil-nos-eua\/","title":{"rendered":"Veneziano defende PEC que pro\u00edbe Eduardo Bolsonaro de ser embaixador do Brasil nos EUA"},"content":{"rendered":"\n<p>Contr\u00e1rio a possibilidade do filho de Bolsonaro ser o Embaixador do Brasil nos Estados Unidos, indica\u00e7\u00e3o feita pela pr\u00f3prio presidente, o&nbsp;Senador Veneziano Vital do R\u00eago (PSB-PB) defendeu, no Plen\u00e1rio, nesta ter\u00e7a-feira (7), a aprova\u00e7\u00e3o da Proposta de Emenda \u00e0 Constitui\u00e7\u00e3o (PEC) 118\/2019, que determina que somente poder\u00e3o ser indicados para chefiar embaixadas \u201cservidores efetivos integrantes da carreira diplom\u00e1tica\u201d.&nbsp;<\/p>\n\n\n\n<p>Prevendo que o tema ser\u00e1 em breve tema de debate na casa, j\u00e1 que a aprova\u00e7\u00e3o da indica\u00e7\u00e3o depende dos senadores,&nbsp;Veneziano destaca que outros congressistas manifestam&nbsp;o mesmo posicionamento em defesa daqueles que fizeram suas carreiras dentro da chancelaria.<br><\/p>\n\n\n\n<p>O parlamentar paraibano afirmou que assinou a PEC por ser defensor de que \u201ctodos aqueles que se dedicaram e se doaram, que ingressaram no Itamaraty, e que muitas vezes s\u00e3o vistos com olhos enviesados, mas que t\u00eam a compet\u00eancia para representar o Pa\u00eds em outros pa\u00edses, possam ter esse reconhecimento\u201d, justificando&nbsp;a sua decis\u00e3o de subscrever a PEC, que \u00e9 de autoria do senador \u00c1lvaro Dias (Podemos-PR).<\/p>\n\n\n\n<p>A posi\u00e7\u00e3o de Veneziano foi revelada durante indica\u00e7\u00e3o do diplomata Julio Glinternick Bitelli para exercer o cargo de Embaixador do Brasil junto ao reino do Marrocos.<\/p>\n","protected":false},"excerpt":{"rendered":"<p>Contr\u00e1rio a possibilidade do filho de Bolsonaro ser o Embaixador do Brasil nos Estados Unidos, indica\u00e7\u00e3o feita pela pr\u00f3prio presidente, o&nbsp;Senador Veneziano Vital do R\u00eago&hellip; <\/p>\n","protected":false},"author":1,"featured_media":109028,"comment_status":"closed","ping_status":"closed","sticky":false,"template":"","format":"standard","meta":{"sfsi_plus_gutenberg_text_before_share":"","sfsi_plus_gutenberg_show_text_before_share":"","sfsi_plus_gutenberg_icon_type":"","sfsi_plus_gutenberg_icon_alignemt":"","sfsi_plus_gutenburg_max_per_row":"","footnotes":""},"categories":[11],"tags":[],"class_list":["post-109027","post","type-post","status-publish","format-standard","has-post-thumbnail","hentry","category-politica"],"_links":{"self":[{"href":"https:\/\/www.caririemacao.com\/1\/wp-json\/wp\/v2\/posts\/109027","targetHints":{"allow":["GET"]}}],"collection":[{"href":"https:\/\/www.caririemacao.com\/1\/wp-json\/wp\/v2\/posts"}],"about":[{"href":"https:\/\/www.caririemacao.com\/1\/wp-json\/wp\/v2\/types\/post"}],"author":[{"embeddable":true,"href":"https:\/\/www.caririemacao.com\/1\/wp-json\/wp\/v2\/users\/1"}],"replies":[{"embeddable":true,"href":"https:\/\/www.caririemacao.com\/1\/wp-json\/wp\/v2\/comments?post=109027"}],"version-history":[{"count":1,"href":"https:\/\/www.caririemacao.com\/1\/wp-json\/wp\/v2\/posts\/109027\/revisions"}],"predecessor-version":[{"id":109029,"href":"https:\/\/www.caririemacao.com\/1\/wp-json\/wp\/v2\/posts\/109027\/revisions\/109029"}],"wp:featuredmedia":[{"embeddable":true,"href":"https:\/\/www.caririemacao.com\/1\/wp-json\/wp\/v2\/media\/109028"}],"wp:attachment":[{"href":"https:\/\/www.caririemacao.com\/1\/wp-json\/wp\/v2\/media?parent=109027"}],"wp:term":[{"taxonomy":"category","embeddable":true,"href":"https:\/\/www.caririemacao.com\/1\/wp-json\/wp\/v2\/categories?post=109027"},{"taxonomy":"post_tag","embeddable":true,"href":"https:\/\/www.caririemacao.com\/1\/wp-json\/wp\/v2\/tags?post=109027"}],"curies":[{"name":"wp","href":"https:\/\/api.w.org\/{rel}","templated":true}]}}