{"id":109036,"date":"2019-08-07T14:08:57","date_gmt":"2019-08-07T17:08:57","guid":{"rendered":"http:\/\/www.caririemacao.com\/1\/?p=109036"},"modified":"2019-08-07T14:08:57","modified_gmt":"2019-08-07T17:08:57","slug":"defesa-quer-suspender-transferencia-de-lula-para-sao-paulo","status":"publish","type":"post","link":"https:\/\/www.caririemacao.com\/1\/2019\/08\/07\/defesa-quer-suspender-transferencia-de-lula-para-sao-paulo\/","title":{"rendered":"Defesa quer suspender transfer\u00eancia de Lula para S\u00e3o Paulo"},"content":{"rendered":"\n<p>A defesa do ex-presidente Luiz In\u00e1cio Lula da Silva reclamou de decis\u00e3o da ju\u00edza substituta Carolina Lebbos, da 12\u00aa Vara Federal de Curitiba, que autorizou a transfer\u00eancia do petista de Curitiba para S\u00e3o Paulo, na manh\u00e3 desta quarta-feira (07).<\/p>\n\n\n\n<p>O advogado Cristiano Zanin pede a suspens\u00e3o da an\u00e1lise do pedido da Superintend\u00eancia da Pol\u00edcia Federal at\u00e9 o julgamento final do habeas pelo Supremo Tribunal Federal (STF). A defesa pede a nulidade da condena\u00e7\u00e3o de Lula.<\/p>\n\n\n\n<p>\u201cA 2\u00aa Turma do Supremo Tribunal Federal dever\u00e1 retomar em breve o julgamento do m\u00e9rito do habeas corpus que apresentamos com o objetivo de reconhecer a suspei\u00e7\u00e3o do ex-juiz Sergio Moro e a consequente nulidade de todo o processo e o restabelecimento da liberdade plena de Lula\u201d, explicou o advogado.&nbsp;<\/p>\n\n\n\n<p>Zanin concorda com eventual mudan\u00e7a de endere\u00e7o, mas gostaria de saber dos poss\u00edveis locais onde Lula pode ser alocado. A defesa gostaria de \u201cpr\u00e9via manifesta\u00e7\u00e3o\u201d sobre a nova pris\u00e3o.<\/p>\n\n\n\n<p>\u201cEm car\u00e1ter subsidi\u00e1rio, requeremos que na hip\u00f3tese de ser acolhido o pedido formulado pela Superintend\u00eancia da Policia Federal de Curitiba, fossem requisitadas informa\u00e7\u00f5es de estabelecimentos compat\u00edveis com Sala de Estado Maior, com a oportunidade de pr\u00e9via manifesta\u00e7\u00e3o da defesa\u201d, destacou Zanin, em nota.<\/p>\n\n\n\n<p>O advogado reclama que a decis\u00e3o proferida nesta quarta-feira \u201cnegou os pedidos formulados pela defesa\u201d. \u201cContrariando precedentes j\u00e1 observados, negou ao ex-presidente Lula o direito \u00e0 Sala de Estado Maior e determinou sua transfer\u00eancia para estabelecimento a ser definido em S\u00e3o Paulo\u201d, concluiu o texto.<\/p>\n\n\n\n<p>Zanin subiu o tom contra a decis\u00e3o de Carolina Lebbos. \u201cLula \u00e9 v\u00edtima de intenso constrangimento ilegal imposto por parte do Sistema de Justi\u00e7a. A defesa tomar\u00e1 todas as medidas necess\u00e1rias com o objetivo de restabelecer a liberdade plena do ex-presidente e para assegurar os direitos que lhe s\u00e3o garantidos pela lei e pela Constitui\u00e7\u00e3o\u201d, frisou.<\/p>\n","protected":false},"excerpt":{"rendered":"<p>A defesa do ex-presidente Luiz In\u00e1cio Lula da Silva reclamou de decis\u00e3o da ju\u00edza substituta Carolina Lebbos, da 12\u00aa Vara Federal de Curitiba, que autorizou&hellip; <\/p>\n","protected":false},"author":1,"featured_media":109037,"comment_status":"closed","ping_status":"closed","sticky":false,"template":"","format":"standard","meta":{"sfsi_plus_gutenberg_text_before_share":"","sfsi_plus_gutenberg_show_text_before_share":"","sfsi_plus_gutenberg_icon_type":"","sfsi_plus_gutenberg_icon_alignemt":"","sfsi_plus_gutenburg_max_per_row":"","footnotes":""},"categories":[11],"tags":[],"class_list":["post-109036","post","type-post","status-publish","format-standard","has-post-thumbnail","hentry","category-politica"],"_links":{"self":[{"href":"https:\/\/www.caririemacao.com\/1\/wp-json\/wp\/v2\/posts\/109036","targetHints":{"allow":["GET"]}}],"collection":[{"href":"https:\/\/www.caririemacao.com\/1\/wp-json\/wp\/v2\/posts"}],"about":[{"href":"https:\/\/www.caririemacao.com\/1\/wp-json\/wp\/v2\/types\/post"}],"author":[{"embeddable":true,"href":"https:\/\/www.caririemacao.com\/1\/wp-json\/wp\/v2\/users\/1"}],"replies":[{"embeddable":true,"href":"https:\/\/www.caririemacao.com\/1\/wp-json\/wp\/v2\/comments?post=109036"}],"version-history":[{"count":1,"href":"https:\/\/www.caririemacao.com\/1\/wp-json\/wp\/v2\/posts\/109036\/revisions"}],"predecessor-version":[{"id":109038,"href":"https:\/\/www.caririemacao.com\/1\/wp-json\/wp\/v2\/posts\/109036\/revisions\/109038"}],"wp:featuredmedia":[{"embeddable":true,"href":"https:\/\/www.caririemacao.com\/1\/wp-json\/wp\/v2\/media\/109037"}],"wp:attachment":[{"href":"https:\/\/www.caririemacao.com\/1\/wp-json\/wp\/v2\/media?parent=109036"}],"wp:term":[{"taxonomy":"category","embeddable":true,"href":"https:\/\/www.caririemacao.com\/1\/wp-json\/wp\/v2\/categories?post=109036"},{"taxonomy":"post_tag","embeddable":true,"href":"https:\/\/www.caririemacao.com\/1\/wp-json\/wp\/v2\/tags?post=109036"}],"curies":[{"name":"wp","href":"https:\/\/api.w.org\/{rel}","templated":true}]}}