{"id":109042,"date":"2019-08-07T14:17:53","date_gmt":"2019-08-07T17:17:53","guid":{"rendered":"http:\/\/www.caririemacao.com\/1\/?p=109042"},"modified":"2019-08-07T14:17:53","modified_gmt":"2019-08-07T17:17:53","slug":"prefeitura-de-sao-sebastiao-do-umbuzeiro-realizara-grande-festa-para-comemorar-dia-dos-pais","status":"publish","type":"post","link":"https:\/\/www.caririemacao.com\/1\/2019\/08\/07\/prefeitura-de-sao-sebastiao-do-umbuzeiro-realizara-grande-festa-para-comemorar-dia-dos-pais\/","title":{"rendered":"Prefeitura de S\u00e3o Sebasti\u00e3o do Umbuzeiro realizar\u00e1 grande festa para comemorar Dia dos Pais"},"content":{"rendered":"\n<p>A Prefeitura de S\u00e3o Sebasti\u00e3o do Umbuzeiro, atrav\u00e9s do prefeito Adriano Wolff, realizar\u00e1 uma grande festa no pr\u00f3ximo s\u00e1bado (10), para comemorar o Dia dos Pa\u00eds no munic\u00edpio.<\/p>\n\n\n\n<p>A festa acontecer\u00e1 na Pra\u00e7a de Eventos, a partir das 17h, onde ocorrer\u00e1 distribui\u00e7\u00e3o de brindes, lanches e bingo com v\u00e1rios pr\u00eamios, al\u00e9m de show com Ot\u00e1vio do Acordeon e Henrique dos Teclados.<\/p>\n\n\n\n<p>O Prefeito Adriano Wolff convida todos os pais do munic\u00edpio para participarem dessa homenagem realizada pela Prefeitura Municipal, e aproveita a oportunidade, para parabenizar todos os Pais por esse dia t\u00e3o importante.<\/p>\n","protected":false},"excerpt":{"rendered":"<p>A Prefeitura de S\u00e3o Sebasti\u00e3o do Umbuzeiro, atrav\u00e9s do prefeito Adriano Wolff, realizar\u00e1 uma grande festa no pr\u00f3ximo s\u00e1bado (10), para comemorar o Dia dos&hellip; <\/p>\n","protected":false},"author":1,"featured_media":109043,"comment_status":"closed","ping_status":"closed","sticky":false,"template":"","format":"standard","meta":{"sfsi_plus_gutenberg_text_before_share":"","sfsi_plus_gutenberg_show_text_before_share":"","sfsi_plus_gutenberg_icon_type":"","sfsi_plus_gutenberg_icon_alignemt":"","sfsi_plus_gutenburg_max_per_row":"","footnotes":""},"categories":[50,2],"tags":[],"class_list":["post-109042","post","type-post","status-publish","format-standard","has-post-thumbnail","hentry","category-destaque","category-geral"],"_links":{"self":[{"href":"https:\/\/www.caririemacao.com\/1\/wp-json\/wp\/v2\/posts\/109042","targetHints":{"allow":["GET"]}}],"collection":[{"href":"https:\/\/www.caririemacao.com\/1\/wp-json\/wp\/v2\/posts"}],"about":[{"href":"https:\/\/www.caririemacao.com\/1\/wp-json\/wp\/v2\/types\/post"}],"author":[{"embeddable":true,"href":"https:\/\/www.caririemacao.com\/1\/wp-json\/wp\/v2\/users\/1"}],"replies":[{"embeddable":true,"href":"https:\/\/www.caririemacao.com\/1\/wp-json\/wp\/v2\/comments?post=109042"}],"version-history":[{"count":1,"href":"https:\/\/www.caririemacao.com\/1\/wp-json\/wp\/v2\/posts\/109042\/revisions"}],"predecessor-version":[{"id":109044,"href":"https:\/\/www.caririemacao.com\/1\/wp-json\/wp\/v2\/posts\/109042\/revisions\/109044"}],"wp:featuredmedia":[{"embeddable":true,"href":"https:\/\/www.caririemacao.com\/1\/wp-json\/wp\/v2\/media\/109043"}],"wp:attachment":[{"href":"https:\/\/www.caririemacao.com\/1\/wp-json\/wp\/v2\/media?parent=109042"}],"wp:term":[{"taxonomy":"category","embeddable":true,"href":"https:\/\/www.caririemacao.com\/1\/wp-json\/wp\/v2\/categories?post=109042"},{"taxonomy":"post_tag","embeddable":true,"href":"https:\/\/www.caririemacao.com\/1\/wp-json\/wp\/v2\/tags?post=109042"}],"curies":[{"name":"wp","href":"https:\/\/api.w.org\/{rel}","templated":true}]}}