{"id":109050,"date":"2019-08-07T14:22:14","date_gmt":"2019-08-07T17:22:14","guid":{"rendered":"http:\/\/www.caririemacao.com\/1\/?p=109050"},"modified":"2019-08-07T14:22:14","modified_gmt":"2019-08-07T17:22:14","slug":"prefeitura-de-ss-do-umbuzeiro-intensifica-implantacao-de-lampadas-de-led-em-todo-municipio","status":"publish","type":"post","link":"https:\/\/www.caririemacao.com\/1\/2019\/08\/07\/prefeitura-de-ss-do-umbuzeiro-intensifica-implantacao-de-lampadas-de-led-em-todo-municipio\/","title":{"rendered":"Prefeitura de SS do Umbuzeiro intensifica implanta\u00e7\u00e3o de l\u00e2mpadas de LED em todo munic\u00edpio"},"content":{"rendered":"\n<p>A prefeitura municipal de S\u00e3o Sebasti\u00e3o do Umbuzeiro, na gest\u00e3o do prefeito Adriano Wolff, vem intensificando a substitui\u00e7\u00e3o de l\u00e2mpadas comuns por modernas l\u00e2mpadas de LED em todo munic\u00edpio.<br>De acordo com o prefeito Adriano, o objetivo \u00e9 buscar uma melhor qualidade na ilumina\u00e7\u00e3o e proporcionar uma grande economia no custo da conta de ilumina\u00e7\u00e3o p\u00fablica.<br>\u201cAs l\u00e2mpadas de LED s\u00e3o mais eficientes, dur\u00e1veis, econ\u00f4micas e s\u00e3o ambientalmente corretas\u201d, frisou o prefeito Adriano.<br><strong>F\u00c1BIO BRITO<\/strong><br><\/p>\n","protected":false},"excerpt":{"rendered":"<p>A prefeitura municipal de S\u00e3o Sebasti\u00e3o do Umbuzeiro, na gest\u00e3o do prefeito Adriano Wolff, vem intensificando a substitui\u00e7\u00e3o de l\u00e2mpadas comuns por modernas l\u00e2mpadas de&hellip; <\/p>\n","protected":false},"author":1,"featured_media":109051,"comment_status":"closed","ping_status":"closed","sticky":false,"template":"","format":"standard","meta":{"sfsi_plus_gutenberg_text_before_share":"","sfsi_plus_gutenberg_show_text_before_share":"","sfsi_plus_gutenberg_icon_type":"","sfsi_plus_gutenberg_icon_alignemt":"","sfsi_plus_gutenburg_max_per_row":"","footnotes":""},"categories":[6,50],"tags":[],"class_list":["post-109050","post","type-post","status-publish","format-standard","has-post-thumbnail","hentry","category-cidades","category-destaque"],"_links":{"self":[{"href":"https:\/\/www.caririemacao.com\/1\/wp-json\/wp\/v2\/posts\/109050","targetHints":{"allow":["GET"]}}],"collection":[{"href":"https:\/\/www.caririemacao.com\/1\/wp-json\/wp\/v2\/posts"}],"about":[{"href":"https:\/\/www.caririemacao.com\/1\/wp-json\/wp\/v2\/types\/post"}],"author":[{"embeddable":true,"href":"https:\/\/www.caririemacao.com\/1\/wp-json\/wp\/v2\/users\/1"}],"replies":[{"embeddable":true,"href":"https:\/\/www.caririemacao.com\/1\/wp-json\/wp\/v2\/comments?post=109050"}],"version-history":[{"count":1,"href":"https:\/\/www.caririemacao.com\/1\/wp-json\/wp\/v2\/posts\/109050\/revisions"}],"predecessor-version":[{"id":109052,"href":"https:\/\/www.caririemacao.com\/1\/wp-json\/wp\/v2\/posts\/109050\/revisions\/109052"}],"wp:featuredmedia":[{"embeddable":true,"href":"https:\/\/www.caririemacao.com\/1\/wp-json\/wp\/v2\/media\/109051"}],"wp:attachment":[{"href":"https:\/\/www.caririemacao.com\/1\/wp-json\/wp\/v2\/media?parent=109050"}],"wp:term":[{"taxonomy":"category","embeddable":true,"href":"https:\/\/www.caririemacao.com\/1\/wp-json\/wp\/v2\/categories?post=109050"},{"taxonomy":"post_tag","embeddable":true,"href":"https:\/\/www.caririemacao.com\/1\/wp-json\/wp\/v2\/tags?post=109050"}],"curies":[{"name":"wp","href":"https:\/\/api.w.org\/{rel}","templated":true}]}}