{"id":109056,"date":"2019-08-07T14:25:20","date_gmt":"2019-08-07T17:25:20","guid":{"rendered":"http:\/\/www.caririemacao.com\/1\/?p=109056"},"modified":"2019-08-07T14:25:20","modified_gmt":"2019-08-07T17:25:20","slug":"a-artede-bajular-no-grupo-de-oposicao-de-monteiro","status":"publish","type":"post","link":"https:\/\/www.caririemacao.com\/1\/2019\/08\/07\/a-artede-bajular-no-grupo-de-oposicao-de-monteiro\/","title":{"rendered":"A &#8220;arte&#8221;de bajular, no grupo de oposi\u00e7\u00e3o de Monteiro"},"content":{"rendered":"\n<p>Bajular \u00e9 uma a\u00e7\u00e3o que,requer,antes de tudo,uma imensa falta de respeito a si mesmo,se trata de um comportamento sujo, pouco confi\u00e1vel.<br>Sinceramente, fica dif\u00edcil afirmar qual o lado mais canalha desse aspecto humano, se \u00e9 o que bajula ou aquele que gosta de ser bajulado, afinal de contas, parece que os dois sofrem da mesma fraqueza, ou seja, conseguir algo com a tal suja a\u00e7\u00e3o.<br>Na pol\u00edtica, essa condi\u00e7\u00e3o de bajulador, parece ficar mais acentuada, pois o indiv\u00edduo chega a um grau de bajula\u00e7\u00e3o com n\u00edveis absurdamente inacredit\u00e1veis,chegando a perder a capacidade de discernimento,transformando-se assim em uma criatura desprez\u00edvel e pouco ou nada valorosa.<br>Do outro lado tamb\u00e9m est\u00e1 o bajulado, aquele que usa de suas atribui\u00e7\u00f5es, no caso pol\u00edticas, para atingir uma determinada coisa ou algu\u00e9m sem com isso levar em conta a \u00e9tica e a moral.<br>Em nossa amada Monteiro, um grupo pol\u00edtico \u00e9 a personifica\u00e7\u00e3o disso tudo, o bajulador e o bajulado fizeram morada na pol\u00edtica, a transformaram em um jogo de toma l\u00e1 d\u00e1 c\u00e1, um verdadeiro e infame mercado de pegue e pague, onde sem d\u00favida alguma o povo \u00e9 quem perde&#8230;<br>Diante de tal conclus\u00e3o Monteiro,vamos nos valorizar, vamos virar a p\u00e1gina, vamos sair dessa condi\u00e7\u00e3o que tanto nos mancha,vamos dizer a eles que o DINHEIRO n\u00e3o \u00e9 maior do que a honestidade e que n\u00f3s mais do que tudo temos VALOR e n\u00e3o PRE\u00c7O.<br><strong>Por Eduardo C\u00e9sar<\/strong><\/p>\n","protected":false},"excerpt":{"rendered":"<p>Bajular \u00e9 uma a\u00e7\u00e3o que,requer,antes de tudo,uma imensa falta de respeito a si mesmo,se trata de um comportamento sujo, pouco confi\u00e1vel.Sinceramente, fica dif\u00edcil afirmar qual&hellip; <\/p>\n","protected":false},"author":1,"featured_media":109057,"comment_status":"closed","ping_status":"closed","sticky":false,"template":"","format":"standard","meta":{"sfsi_plus_gutenberg_text_before_share":"","sfsi_plus_gutenberg_show_text_before_share":"","sfsi_plus_gutenberg_icon_type":"","sfsi_plus_gutenberg_icon_alignemt":"","sfsi_plus_gutenburg_max_per_row":"","footnotes":""},"categories":[11],"tags":[],"class_list":["post-109056","post","type-post","status-publish","format-standard","has-post-thumbnail","hentry","category-politica"],"_links":{"self":[{"href":"https:\/\/www.caririemacao.com\/1\/wp-json\/wp\/v2\/posts\/109056","targetHints":{"allow":["GET"]}}],"collection":[{"href":"https:\/\/www.caririemacao.com\/1\/wp-json\/wp\/v2\/posts"}],"about":[{"href":"https:\/\/www.caririemacao.com\/1\/wp-json\/wp\/v2\/types\/post"}],"author":[{"embeddable":true,"href":"https:\/\/www.caririemacao.com\/1\/wp-json\/wp\/v2\/users\/1"}],"replies":[{"embeddable":true,"href":"https:\/\/www.caririemacao.com\/1\/wp-json\/wp\/v2\/comments?post=109056"}],"version-history":[{"count":1,"href":"https:\/\/www.caririemacao.com\/1\/wp-json\/wp\/v2\/posts\/109056\/revisions"}],"predecessor-version":[{"id":109058,"href":"https:\/\/www.caririemacao.com\/1\/wp-json\/wp\/v2\/posts\/109056\/revisions\/109058"}],"wp:featuredmedia":[{"embeddable":true,"href":"https:\/\/www.caririemacao.com\/1\/wp-json\/wp\/v2\/media\/109057"}],"wp:attachment":[{"href":"https:\/\/www.caririemacao.com\/1\/wp-json\/wp\/v2\/media?parent=109056"}],"wp:term":[{"taxonomy":"category","embeddable":true,"href":"https:\/\/www.caririemacao.com\/1\/wp-json\/wp\/v2\/categories?post=109056"},{"taxonomy":"post_tag","embeddable":true,"href":"https:\/\/www.caririemacao.com\/1\/wp-json\/wp\/v2\/tags?post=109056"}],"curies":[{"name":"wp","href":"https:\/\/api.w.org\/{rel}","templated":true}]}}