{"id":109062,"date":"2019-08-07T14:27:59","date_gmt":"2019-08-07T17:27:59","guid":{"rendered":"http:\/\/www.caririemacao.com\/1\/?p=109062"},"modified":"2019-08-07T14:27:59","modified_gmt":"2019-08-07T17:27:59","slug":"edvaldo-rosas-avisa-que-nao-deixara-comando-do-psb-e-questiona-proposta-de-deputadas","status":"publish","type":"post","link":"https:\/\/www.caririemacao.com\/1\/2019\/08\/07\/edvaldo-rosas-avisa-que-nao-deixara-comando-do-psb-e-questiona-proposta-de-deputadas\/","title":{"rendered":"Edvaldo Rosas avisa que n\u00e3o deixar\u00e1 comando do PSB e questiona proposta de deputadas"},"content":{"rendered":"\n<p>O presidente estadual do PSB e atual Secret\u00e1rio de Governo da Para\u00edba, Edvaldo Rosas, afastou completamente a possibilidade de deixar o comando do partido, conforme foi ventilado pelas deputadas socialistas Cida Ramos e Estela Bezerra.<\/p>\n\n\n\n<p>\u201cN\u00e3o entendi bem qual seria a motiva\u00e7\u00e3o para eu deixar o comando do PSB, justamente no momento que o partido teve o maior crescimento do Brasil nas duas \u00faltimas elei\u00e7\u00f5es, e quando o governador do Estado prestigia o partido nomeando o seu presidente para um cargo importante de condu\u00e7\u00e3o da pol\u00edtica dentro do seu Governo\u201d, afirmou Edvaldo Rosas.<\/p>\n\n\n\n<p>Quando assumiu o comando estadual do partido em 2010, segundo Edvaldo, a legenda era modesta no Estado, contando apenas com tr\u00eas deputados estatuais, 13 prefeitos e 79 vereadores. N\u00e3o tinha deputado federal, senador e muito menos governador.&nbsp;<\/p>\n\n\n\n<p>\u201cHoje j\u00e1 temos 52 prefeitos e 339 vereadores. O PSB elegeu e reelegeu o companheiro Ricardo Coutinho e nesses oito anos que estou \u00e0 frente do partido testemunhei tamb\u00e9m a elei\u00e7\u00e3o, em primeiro turno, com mais de 600 mil votos de diferen\u00e7a,&nbsp; do governador Jo\u00e3o Azevedo. E ainda elegemos oito deputados estatuais, um federal e o primeiro senador na hist\u00f3ria do PSB paraibano\u201d, relatou em seu favor o secret\u00e1rio estadual Edvaldo Rosas.<\/p>\n","protected":false},"excerpt":{"rendered":"<p>O presidente estadual do PSB e atual Secret\u00e1rio de Governo da Para\u00edba, Edvaldo Rosas, afastou completamente a possibilidade de deixar o comando do partido, conforme&hellip; <\/p>\n","protected":false},"author":1,"featured_media":109063,"comment_status":"closed","ping_status":"closed","sticky":false,"template":"","format":"standard","meta":{"sfsi_plus_gutenberg_text_before_share":"","sfsi_plus_gutenberg_show_text_before_share":"","sfsi_plus_gutenberg_icon_type":"","sfsi_plus_gutenberg_icon_alignemt":"","sfsi_plus_gutenburg_max_per_row":"","footnotes":""},"categories":[11],"tags":[],"class_list":["post-109062","post","type-post","status-publish","format-standard","has-post-thumbnail","hentry","category-politica"],"_links":{"self":[{"href":"https:\/\/www.caririemacao.com\/1\/wp-json\/wp\/v2\/posts\/109062","targetHints":{"allow":["GET"]}}],"collection":[{"href":"https:\/\/www.caririemacao.com\/1\/wp-json\/wp\/v2\/posts"}],"about":[{"href":"https:\/\/www.caririemacao.com\/1\/wp-json\/wp\/v2\/types\/post"}],"author":[{"embeddable":true,"href":"https:\/\/www.caririemacao.com\/1\/wp-json\/wp\/v2\/users\/1"}],"replies":[{"embeddable":true,"href":"https:\/\/www.caririemacao.com\/1\/wp-json\/wp\/v2\/comments?post=109062"}],"version-history":[{"count":1,"href":"https:\/\/www.caririemacao.com\/1\/wp-json\/wp\/v2\/posts\/109062\/revisions"}],"predecessor-version":[{"id":109064,"href":"https:\/\/www.caririemacao.com\/1\/wp-json\/wp\/v2\/posts\/109062\/revisions\/109064"}],"wp:featuredmedia":[{"embeddable":true,"href":"https:\/\/www.caririemacao.com\/1\/wp-json\/wp\/v2\/media\/109063"}],"wp:attachment":[{"href":"https:\/\/www.caririemacao.com\/1\/wp-json\/wp\/v2\/media?parent=109062"}],"wp:term":[{"taxonomy":"category","embeddable":true,"href":"https:\/\/www.caririemacao.com\/1\/wp-json\/wp\/v2\/categories?post=109062"},{"taxonomy":"post_tag","embeddable":true,"href":"https:\/\/www.caririemacao.com\/1\/wp-json\/wp\/v2\/tags?post=109062"}],"curies":[{"name":"wp","href":"https:\/\/api.w.org\/{rel}","templated":true}]}}