{"id":109068,"date":"2019-08-07T14:29:41","date_gmt":"2019-08-07T17:29:41","guid":{"rendered":"http:\/\/www.caririemacao.com\/1\/?p=109068"},"modified":"2019-08-07T14:29:41","modified_gmt":"2019-08-07T17:29:41","slug":"veja-como-os-deputados-da-paraiba-votaram-na-reforma-da-previdencia","status":"publish","type":"post","link":"https:\/\/www.caririemacao.com\/1\/2019\/08\/07\/veja-como-os-deputados-da-paraiba-votaram-na-reforma-da-previdencia\/","title":{"rendered":"Veja como os deputados da Para\u00edba votaram na Reforma da Previd\u00eancia"},"content":{"rendered":"\n<p>Por 370 votos a favor, 124 contra e 1 absten\u00e7\u00e3o, o Plen\u00e1rio da C\u00e2mara dos Deputados aprovou, em segundo turno, o texto-base da proposta de emenda \u00e0 Constitui\u00e7\u00e3o que reforma da Previd\u00eancia. Sob aplausos, o presidente da C\u00e2mara, Rodrigo Maia (DEM-RJ), proclamou o resultado \u00e0 0h38 desta quarta-feira (7), depois de cinco horas de debates.<\/p>\n\n\n\n<p>Entre os deputados paraibanos, a maioria, 8, votaram a favor da Reforma e 4 foram contra. Veja como os deputados da Para\u00edba Votaram.<\/p>\n\n\n\n<h3 class=\"wp-block-heading\">Voto SIM<\/h3>\n\n\n\n<p>Aguinaldo Ribeiro (PP)<\/p>\n\n\n\n<p>Edna Henrique (PSDB)<\/p>\n\n\n\n<p>Efraim Filho (DEM)<\/p>\n\n\n\n<p>Julian Lemos (PSL)<\/p>\n\n\n\n<p>Pedro Cunha Lima (PSDB)<\/p>\n\n\n\n<p>Ruy Carneiro (PSDB)<\/p>\n\n\n\n<p>Wellington Roberto (PR)<\/p>\n\n\n\n<p>Wilson Santiago (PTB)<\/p>\n\n\n\n<h3 class=\"wp-block-heading\">Voto N\u00c3O<\/h3>\n\n\n\n<p>Dami\u00e3o Feliciano (PDT)<\/p>\n\n\n\n<p>Frei Anast\u00e1cio (PT)<\/p>\n\n\n\n<p>Gerv\u00e1sio Maia (PSB)<\/p>\n\n\n\n<p>Hugo Motta (PRTB)<\/p>\n","protected":false},"excerpt":{"rendered":"<p>Por 370 votos a favor, 124 contra e 1 absten\u00e7\u00e3o, o Plen\u00e1rio da C\u00e2mara dos Deputados aprovou, em segundo turno, o texto-base da proposta de&hellip; <\/p>\n","protected":false},"author":1,"featured_media":108673,"comment_status":"closed","ping_status":"closed","sticky":false,"template":"","format":"standard","meta":{"sfsi_plus_gutenberg_text_before_share":"","sfsi_plus_gutenberg_show_text_before_share":"","sfsi_plus_gutenberg_icon_type":"","sfsi_plus_gutenberg_icon_alignemt":"","sfsi_plus_gutenburg_max_per_row":"","footnotes":""},"categories":[11],"tags":[],"class_list":["post-109068","post","type-post","status-publish","format-standard","has-post-thumbnail","hentry","category-politica"],"_links":{"self":[{"href":"https:\/\/www.caririemacao.com\/1\/wp-json\/wp\/v2\/posts\/109068","targetHints":{"allow":["GET"]}}],"collection":[{"href":"https:\/\/www.caririemacao.com\/1\/wp-json\/wp\/v2\/posts"}],"about":[{"href":"https:\/\/www.caririemacao.com\/1\/wp-json\/wp\/v2\/types\/post"}],"author":[{"embeddable":true,"href":"https:\/\/www.caririemacao.com\/1\/wp-json\/wp\/v2\/users\/1"}],"replies":[{"embeddable":true,"href":"https:\/\/www.caririemacao.com\/1\/wp-json\/wp\/v2\/comments?post=109068"}],"version-history":[{"count":1,"href":"https:\/\/www.caririemacao.com\/1\/wp-json\/wp\/v2\/posts\/109068\/revisions"}],"predecessor-version":[{"id":109069,"href":"https:\/\/www.caririemacao.com\/1\/wp-json\/wp\/v2\/posts\/109068\/revisions\/109069"}],"wp:featuredmedia":[{"embeddable":true,"href":"https:\/\/www.caririemacao.com\/1\/wp-json\/wp\/v2\/media\/108673"}],"wp:attachment":[{"href":"https:\/\/www.caririemacao.com\/1\/wp-json\/wp\/v2\/media?parent=109068"}],"wp:term":[{"taxonomy":"category","embeddable":true,"href":"https:\/\/www.caririemacao.com\/1\/wp-json\/wp\/v2\/categories?post=109068"},{"taxonomy":"post_tag","embeddable":true,"href":"https:\/\/www.caririemacao.com\/1\/wp-json\/wp\/v2\/tags?post=109068"}],"curies":[{"name":"wp","href":"https:\/\/api.w.org\/{rel}","templated":true}]}}