{"id":109073,"date":"2019-08-07T14:38:11","date_gmt":"2019-08-07T17:38:11","guid":{"rendered":"http:\/\/www.caririemacao.com\/1\/?p=109073"},"modified":"2019-08-07T14:43:48","modified_gmt":"2019-08-07T17:43:48","slug":"delegacia-de-policia-e-arrombada-na-cidade-de-caraubas","status":"publish","type":"post","link":"https:\/\/www.caririemacao.com\/1\/2019\/08\/07\/delegacia-de-policia-e-arrombada-na-cidade-de-caraubas\/","title":{"rendered":"Delegacia de Pol\u00edcia \u00e9 arrombada na cidade de Cara\u00fabas"},"content":{"rendered":"\n<figure class=\"wp-block-image\"><img fetchpriority=\"high\" decoding=\"async\" width=\"720\" height=\"479\" src=\"http:\/\/www.caririemacao.com\/1\/wp-content\/uploads\/2019\/08\/FB_IMG_1565199186763.jpg\" alt=\"\" class=\"wp-image-109076\" srcset=\"https:\/\/www.caririemacao.com\/1\/wp-content\/uploads\/2019\/08\/FB_IMG_1565199186763.jpg 720w, https:\/\/www.caririemacao.com\/1\/wp-content\/uploads\/2019\/08\/FB_IMG_1565199186763-300x200.jpg 300w\" sizes=\"(max-width: 720px) 100vw, 720px\" \/><\/figure>\n\n\n\n<p>Muitos s\u00e3o os lugares que imaginamos serem totalmente seguros. Mas nem sempre a ret\u00f3rica \u00e9 verdadeira. <\/p>\n\n\n\n<p>Na madrugada desta ter\u00e7a-feira, dia 6 de Agosto, bandidos ousaram arrombar a porta da frente do pr\u00e9dio p\u00fablico onde funciona a Delegacia de Pol\u00edcia da cidade.<\/p>\n\n\n\n<p>Mesmo em se tratando de uma cidade pequena e pacata do interior do Estado da Para\u00edba, a viol\u00eancia e a falta de seguran\u00e7a tem assustado a popula\u00e7\u00e3o e o pr\u00f3prio Poder P\u00fablico. <\/p>\n\n\n\n<p>O fato \u00e9 que de forma ousada os marginais se utilizaram de algum instrumento para arrombar a porta de entrada da Delegacia que fica na entrada da cidade de Cara\u00fabas no sentido de quem vem do vizinho Estado do Pernambuco.\u00a0<\/p>\n\n\n\n<p>No momento do arrombamento a Delegacia n\u00e3o tinha policiais, ou seja, estava fechada em virtude do feriado do dia anterior. <\/p>\n\n\n\n<p>Em contato com o policial Aizo que presta servi\u00e7o no munic\u00edpio em regime de plant\u00e3o, o mesmo afirmou que foi subtra\u00eddo do interior da im\u00f3vel apenas um ventilador. <\/p>\n\n\n\n<p>Estamos aqui para verificar essa ocorr\u00eancia e constatar o que foi subtra\u00eddo da Delegacia, mas sentimos apenas a aus\u00eancia de um ventilador, haja vista, que os demais equipamentos e armas n\u00e3o ficam aqui, disse ele.<\/p>\n\n\n\n<p>O prefeito do munic\u00edpio Silvano Dudu, estava indignado com a ousadia dos marginais. N\u00f3s j\u00e1 protocolamos por diversas vezes of\u00edcios em diversos segmentos do Governo do Estado da Para\u00edba solicitando a designa\u00e7\u00e3o de uma viatura permanente para o munic\u00edpio, a presen\u00e7a de um Delegado de Pol\u00edcia Civil, bem como, um aumento no efetivo de policiais na nossa cidade e de fato em todo munic\u00edpio, mas o governo tem alegado dificuldades em quantitativo de efetivos\/homens da pol\u00edcia e de delegados, afirmou o prefeito.<\/p>\n\n\n\n<p>Temos feito nossa parte enquanto gestor para melhorar a seguran\u00e7a de nossos habitantes, mas infelizmente sozinho n\u00e3o temos como esse tipo de a\u00e7\u00e3o. Como o efetivo \u00e9 pequeno o pessoal trabalha se dividindo em regime de plant\u00e3o para atender Cara\u00fabas e outras cidades do cariri paraibano o que dificulta o trabalho de coibir a\u00e7\u00f5es como est\u00e1, afirmou o prefeito Silvano.Vamos continuar cobrando das autoridades uma solu\u00e7\u00e3o urgente para estes e outros casos. <\/p>\n\n\n\n<p>Sabemos das dificuldades encontradas para d\u00e1 uma resposta a sociedade, mas precisamos ter consci\u00eancia que a marginalidade n\u00e3o dar\u00e1 tr\u00e9gua. \u00c9 um absurdo termos um pr\u00e9dio como a Delegacia que deveria ser o lugar mais seguro, ser covardemente arrombado da forma como foi, disse indignado o gestor.<br><\/p>\n\n\n\n<p>Fonte:\u00a0<strong>SEPLACOM<\/strong>Foto:\u00a0<strong>Miguel Filho<\/strong><\/p>\n","protected":false},"excerpt":{"rendered":"<p>Muitos s\u00e3o os lugares que imaginamos serem totalmente seguros. Mas nem sempre a ret\u00f3rica \u00e9 verdadeira. Na madrugada desta ter\u00e7a-feira, dia 6 de Agosto, bandidos&hellip; <\/p>\n","protected":false},"author":1,"featured_media":41530,"comment_status":"closed","ping_status":"closed","sticky":false,"template":"","format":"standard","meta":{"sfsi_plus_gutenberg_text_before_share":"","sfsi_plus_gutenberg_show_text_before_share":"","sfsi_plus_gutenberg_icon_type":"","sfsi_plus_gutenberg_icon_alignemt":"","sfsi_plus_gutenburg_max_per_row":"","footnotes":""},"categories":[50,12],"tags":[],"class_list":["post-109073","post","type-post","status-publish","format-standard","has-post-thumbnail","hentry","category-destaque","category-policia"],"_links":{"self":[{"href":"https:\/\/www.caririemacao.com\/1\/wp-json\/wp\/v2\/posts\/109073","targetHints":{"allow":["GET"]}}],"collection":[{"href":"https:\/\/www.caririemacao.com\/1\/wp-json\/wp\/v2\/posts"}],"about":[{"href":"https:\/\/www.caririemacao.com\/1\/wp-json\/wp\/v2\/types\/post"}],"author":[{"embeddable":true,"href":"https:\/\/www.caririemacao.com\/1\/wp-json\/wp\/v2\/users\/1"}],"replies":[{"embeddable":true,"href":"https:\/\/www.caririemacao.com\/1\/wp-json\/wp\/v2\/comments?post=109073"}],"version-history":[{"count":3,"href":"https:\/\/www.caririemacao.com\/1\/wp-json\/wp\/v2\/posts\/109073\/revisions"}],"predecessor-version":[{"id":109082,"href":"https:\/\/www.caririemacao.com\/1\/wp-json\/wp\/v2\/posts\/109073\/revisions\/109082"}],"wp:featuredmedia":[{"embeddable":true,"href":"https:\/\/www.caririemacao.com\/1\/wp-json\/wp\/v2\/media\/41530"}],"wp:attachment":[{"href":"https:\/\/www.caririemacao.com\/1\/wp-json\/wp\/v2\/media?parent=109073"}],"wp:term":[{"taxonomy":"category","embeddable":true,"href":"https:\/\/www.caririemacao.com\/1\/wp-json\/wp\/v2\/categories?post=109073"},{"taxonomy":"post_tag","embeddable":true,"href":"https:\/\/www.caririemacao.com\/1\/wp-json\/wp\/v2\/tags?post=109073"}],"curies":[{"name":"wp","href":"https:\/\/api.w.org\/{rel}","templated":true}]}}