{"id":109100,"date":"2019-08-07T17:38:47","date_gmt":"2019-08-07T20:38:47","guid":{"rendered":"http:\/\/www.caririemacao.com\/1\/?p=109100"},"modified":"2019-08-07T17:38:47","modified_gmt":"2019-08-07T20:38:47","slug":"justica-firma-pacto-para-combater-violencia-contra-mulheres","status":"publish","type":"post","link":"https:\/\/www.caririemacao.com\/1\/2019\/08\/07\/justica-firma-pacto-para-combater-violencia-contra-mulheres\/","title":{"rendered":"Justi\u00e7a firma pacto para combater viol\u00eancia contra mulheres"},"content":{"rendered":"\n<p>Em meio \u00e0 comemora\u00e7\u00f5es dos 13 anos da Lei Maria da Penha, que endureceu as puni\u00e7\u00f5es para crimes de viol\u00eancia dom\u00e9stica ou familiar, o Minist\u00e9rio da Justi\u00e7a e mais 10 \u00f3rg\u00e3os assinaram o Pacto pela Implementa\u00e7\u00e3o de Pol\u00edticas P\u00fablicas de Preven\u00e7\u00e3o e Combate \u00e0 Viol\u00eancia contra Mulheres. A ideia \u00e9 ampliar a articula\u00e7\u00e3o do Poder P\u00fablico visando a pol\u00edticas que evitem esse tipo de pr\u00e1tica.<\/p>\n\n\n\n<p>\u201cMuitas vezes, se diz que s\u00e3o necess\u00e1rias pol\u00edticas de prote\u00e7\u00e3o \u00e0 mulher porque, dizem, elas s\u00e3o vulner\u00e1veis. Mas isso n\u00e3o \u00e9 verdade, porque elas s\u00e3o mais fortes e melhores do que os homens. Por que s\u00e3o melhores do que n\u00f3s? Talvez porque n\u00f3s, homens, somos intimidados e, por conta dessa intimida\u00e7\u00e3o, n\u00f3s, homens, recorremos \u00e0 viol\u00eancia para firmar uma pretensa superioridade que n\u00e3o existe\u201d, disse, em discurso, o ministro da Justi\u00e7a e Seguran\u00e7a P\u00fablica, S\u00e9rgio Moro. \u201cMulheres s\u00e3o melhores, mas precisam de prote\u00e7\u00e3o maior, at\u00e9 por essa condi\u00e7\u00e3o\u201d, completou.<\/p>\n\n\n\n<p>Tamb\u00e9m presente no evento, o presidente do Supremo Tribunal Federal (STF), ministro Dias Toffoli, disse que sua expectativa \u00e9 que o pacto resulte em a\u00e7\u00f5es concretas. \u201cN\u00e3o podemos aceitar que o \u00f3dio e a viol\u00eancia criem ra\u00edzes na nossa sociedade\u201d, afirmou.<\/p>\n\n\n\n<p>Citando a escritora Clarice Lispector, a procuradora-geral da Rep\u00fablica, Raquel Dodge, falou sobre a luta hist\u00f3rica das mulheres pelos pr\u00f3prios direitos pol\u00edticos e civis. \u201cLiberdade \u00e9 pouco. O que queremos ainda n\u00e3o tem nome\u201d, disse. \u201cSim, liberdade \u00e9 pouco. O que queremos \u00e9 dignidade\u201d, completou.<\/p>\n\n\n\n<p>A ministra da Mulher, da Fam\u00edlia e dos Direitos Humanos, Damares Alves, apresentou dados de 2018, do Disque 180, segundo os quais foram contabilizadas 92 mil den\u00fancias de viol\u00eancia contra a mulher. Neste ano, j\u00e1 houve 42 mil registros, informou a ministra.<\/p>\n\n\n\n<p>\u201cMas tenho um recado para os agressores: acabou a palha\u00e7ada no Brasil! Estamos todos unidos contra a viol\u00eancia contra a mulher\u201d, disse Damares Alves.<\/p>\n","protected":false},"excerpt":{"rendered":"<p>Em meio \u00e0 comemora\u00e7\u00f5es dos 13 anos da Lei Maria da Penha, que endureceu as puni\u00e7\u00f5es para crimes de viol\u00eancia dom\u00e9stica ou familiar, o Minist\u00e9rio&hellip; <\/p>\n","protected":false},"author":1,"featured_media":109101,"comment_status":"closed","ping_status":"closed","sticky":false,"template":"","format":"standard","meta":{"sfsi_plus_gutenberg_text_before_share":"","sfsi_plus_gutenberg_show_text_before_share":"","sfsi_plus_gutenberg_icon_type":"","sfsi_plus_gutenberg_icon_alignemt":"","sfsi_plus_gutenburg_max_per_row":"","footnotes":""},"categories":[2],"tags":[],"class_list":["post-109100","post","type-post","status-publish","format-standard","has-post-thumbnail","hentry","category-geral"],"_links":{"self":[{"href":"https:\/\/www.caririemacao.com\/1\/wp-json\/wp\/v2\/posts\/109100","targetHints":{"allow":["GET"]}}],"collection":[{"href":"https:\/\/www.caririemacao.com\/1\/wp-json\/wp\/v2\/posts"}],"about":[{"href":"https:\/\/www.caririemacao.com\/1\/wp-json\/wp\/v2\/types\/post"}],"author":[{"embeddable":true,"href":"https:\/\/www.caririemacao.com\/1\/wp-json\/wp\/v2\/users\/1"}],"replies":[{"embeddable":true,"href":"https:\/\/www.caririemacao.com\/1\/wp-json\/wp\/v2\/comments?post=109100"}],"version-history":[{"count":1,"href":"https:\/\/www.caririemacao.com\/1\/wp-json\/wp\/v2\/posts\/109100\/revisions"}],"predecessor-version":[{"id":109102,"href":"https:\/\/www.caririemacao.com\/1\/wp-json\/wp\/v2\/posts\/109100\/revisions\/109102"}],"wp:featuredmedia":[{"embeddable":true,"href":"https:\/\/www.caririemacao.com\/1\/wp-json\/wp\/v2\/media\/109101"}],"wp:attachment":[{"href":"https:\/\/www.caririemacao.com\/1\/wp-json\/wp\/v2\/media?parent=109100"}],"wp:term":[{"taxonomy":"category","embeddable":true,"href":"https:\/\/www.caririemacao.com\/1\/wp-json\/wp\/v2\/categories?post=109100"},{"taxonomy":"post_tag","embeddable":true,"href":"https:\/\/www.caririemacao.com\/1\/wp-json\/wp\/v2\/tags?post=109100"}],"curies":[{"name":"wp","href":"https:\/\/api.w.org\/{rel}","templated":true}]}}