{"id":109121,"date":"2019-08-07T17:49:35","date_gmt":"2019-08-07T20:49:35","guid":{"rendered":"http:\/\/www.caririemacao.com\/1\/?p=109121"},"modified":"2019-08-07T17:49:35","modified_gmt":"2019-08-07T20:49:35","slug":"futebol-de-monteiro-e-homenageado-em-festa-de-desportistas","status":"publish","type":"post","link":"https:\/\/www.caririemacao.com\/1\/2019\/08\/07\/futebol-de-monteiro-e-homenageado-em-festa-de-desportistas\/","title":{"rendered":"Futebol de Monteiro \u00e9 homenageado em festa de desportistas"},"content":{"rendered":"\n<p>O futebol de Monteiro teve sua hist\u00f3ria relembrada e seus principais participantes homenageados, em um bel\u00edssimo evento realizado na C\u00e2mara Municipal de Monteiro na manha desta quarta feira (07).<br>Foi o lan\u00e7amento da Revista Fotogr\u00e1fica &#8220;Conhecendo o Cariri: times de futebol amador&#8221;. A publica\u00e7\u00e3o alia a hist\u00f3ria, fotografia e esportes.<br>Participaram do evento, ex atletas, dirigentes, treinadores de equipes que fizeram a hist\u00f3ria do futebol do munic\u00edpio, al\u00e9m de \u00e1rbitros, dirigentes e desportistas em geral.<br>Tamb\u00e9m marcaram presen\u00e7a, o prefeito em exerc\u00edcio de Monteiro Celecileno Alves, o Presidente da C\u00e2mara Caj\u00f3 Menezes, o secret\u00e1rio de esportes Rostand Chaves, os vereadores Toinho de Nequinho, Raul Formiga e Farias, al\u00e9m do idealizador da revista Fl\u00e1vio Alex Farias, natural de Boa Vista e representantes do Instituto Hist\u00f3rico e Geogr\u00e1fico do Cariri Paraibano.<br>Na ocasi\u00e3o, foram homenageados com diplomas, atletas, \u00e1rbitros, treinadores, dirigentes, e incentivadores de clubes que fizeram a hist\u00f3ria do futebol de Monteiro, \u00e0 exemplo da AGA, Tabajara, Central, Varzeano, Campinense, Nacional, Braunal e muitos outros.\u00a0<br>Entre as homenagens, destaque IN MEMORIAN para o ex prefeito Dr. Chico, pai da atual prefeita Anna Lorena, representado pelo seu filho Dr. Francisco N\u00f3brega, e para o ex dirigente,\u00a0 e radialista Simorion Mattos.\u00a0<br><\/p>\n\n\n\n<p>F\u00c1BIO BRITO<br><\/p>\n","protected":false},"excerpt":{"rendered":"<p>O futebol de Monteiro teve sua hist\u00f3ria relembrada e seus principais participantes homenageados, em um bel\u00edssimo evento realizado na C\u00e2mara Municipal de Monteiro na manha&hellip; <\/p>\n","protected":false},"author":1,"featured_media":109122,"comment_status":"closed","ping_status":"closed","sticky":false,"template":"","format":"standard","meta":{"sfsi_plus_gutenberg_text_before_share":"","sfsi_plus_gutenberg_show_text_before_share":"","sfsi_plus_gutenberg_icon_type":"","sfsi_plus_gutenberg_icon_alignemt":"","sfsi_plus_gutenburg_max_per_row":"","footnotes":""},"categories":[13],"tags":[],"class_list":["post-109121","post","type-post","status-publish","format-standard","has-post-thumbnail","hentry","category-esportes"],"_links":{"self":[{"href":"https:\/\/www.caririemacao.com\/1\/wp-json\/wp\/v2\/posts\/109121","targetHints":{"allow":["GET"]}}],"collection":[{"href":"https:\/\/www.caririemacao.com\/1\/wp-json\/wp\/v2\/posts"}],"about":[{"href":"https:\/\/www.caririemacao.com\/1\/wp-json\/wp\/v2\/types\/post"}],"author":[{"embeddable":true,"href":"https:\/\/www.caririemacao.com\/1\/wp-json\/wp\/v2\/users\/1"}],"replies":[{"embeddable":true,"href":"https:\/\/www.caririemacao.com\/1\/wp-json\/wp\/v2\/comments?post=109121"}],"version-history":[{"count":1,"href":"https:\/\/www.caririemacao.com\/1\/wp-json\/wp\/v2\/posts\/109121\/revisions"}],"predecessor-version":[{"id":109123,"href":"https:\/\/www.caririemacao.com\/1\/wp-json\/wp\/v2\/posts\/109121\/revisions\/109123"}],"wp:featuredmedia":[{"embeddable":true,"href":"https:\/\/www.caririemacao.com\/1\/wp-json\/wp\/v2\/media\/109122"}],"wp:attachment":[{"href":"https:\/\/www.caririemacao.com\/1\/wp-json\/wp\/v2\/media?parent=109121"}],"wp:term":[{"taxonomy":"category","embeddable":true,"href":"https:\/\/www.caririemacao.com\/1\/wp-json\/wp\/v2\/categories?post=109121"},{"taxonomy":"post_tag","embeddable":true,"href":"https:\/\/www.caririemacao.com\/1\/wp-json\/wp\/v2\/tags?post=109121"}],"curies":[{"name":"wp","href":"https:\/\/api.w.org\/{rel}","templated":true}]}}