{"id":109127,"date":"2019-08-07T17:56:37","date_gmt":"2019-08-07T20:56:37","guid":{"rendered":"http:\/\/www.caririemacao.com\/1\/?p=109127"},"modified":"2019-08-07T17:56:37","modified_gmt":"2019-08-07T20:56:37","slug":"deputados-mantem-mudancas-no-calculo-de-pensoes-por-morte","status":"publish","type":"post","link":"https:\/\/www.caririemacao.com\/1\/2019\/08\/07\/deputados-mantem-mudancas-no-calculo-de-pensoes-por-morte\/","title":{"rendered":"Deputados mant\u00eam mudan\u00e7as no c\u00e1lculo de pens\u00f5es por morte"},"content":{"rendered":"\n<p><br>O plen\u00e1rio da C\u00e2mara dos Deputados manteve as mudan\u00e7as no c\u00e1lculo de pens\u00f5es por morte, abrindo brecha para o pagamento de benef\u00edcios inferiores ao sal\u00e1rio m\u00ednimo caso o segurado tenha outra fonte formal de renda.<\/p>\n\n\n\n<p>Por 339 votos a 153, os deputados rejeitaram destaque do PC do B que vedaria o pagamento de pens\u00f5es menores que o m\u00ednimo em qualquer circunst\u00e2ncia.<\/p>\n\n\n\n<p>Caso o destaque fosse provado, a reforma da Previd\u00eancia seria desidratada em R$ 38 bilh\u00f5es nos pr\u00f3ximos dez anos.<\/p>\n\n\n\n<p>Por meio de acordo com os partidos que aprovaram a reforma em primeiro turno, o secret\u00e1rio especial de Previd\u00eancia e Trabalho, Rog\u00e9rio Marinho, assinou ontem (6) uma portaria que define crit\u00e9rios para estabelecer o que \u00e9 renda formal para efeito do pagamento de pens\u00e3o por morte.<\/p>\n\n\n\n<p>Conforme a portaria, nenhum segurado ter\u00e1 a soma de todas as rendas formais inferior a um sal\u00e1rio m\u00ednimo.<\/p>\n\n\n\n<figure class=\"wp-block-image\"><img decoding=\"async\" data-src=\"https:\/\/paraibaonline.com.br\/wp-content\/uploads\/2019\/08\/camara-federal-1.jpg\" alt=\"Foto: Ag\u00eancia Brasil\" class=\"wp-image-756693 lazyload\" src=\"data:image\/svg+xml;base64,PHN2ZyB3aWR0aD0iMSIgaGVpZ2h0PSIxIiB4bWxucz0iaHR0cDovL3d3dy53My5vcmcvMjAwMC9zdmciPjwvc3ZnPg==\" \/><\/figure>\n\n\n\n<p>Foto: Ag\u00eancia Brasil<\/p>\n\n\n\n<p>Nesse caso, a pens\u00e3o poder\u00e1 ser inferior a um sal\u00e1rio m\u00ednimo caso o benefici\u00e1rio tenha outros rendimentos formais. Marinho informou que as regras da portaria ser\u00e3o transformadas em projeto de lei assim que a reforma da Previd\u00eancia for promulgada.<\/p>\n\n\n\n<p>Mais cedo, os deputados tinham rejeitado, por 364 votos a 130, um destaque do PT que permitiria que recolhimentos do trabalhador abaixo do valor m\u00ednimo exigido para determinada categoria conte como m\u00eas de efetiva contribui\u00e7\u00e3o.<\/p>\n\n\n\n<p>Segundo o relator da reforma na comiss\u00e3o especial da C\u00e2mara, deputado Samuel Moreira (PSDB-SP), n\u00e3o \u00e9 poss\u00edvel retirar a regra do texto porque a mudan\u00e7a foi feita para impedir que o trabalhador intermitente seja prejudicado.<\/p>\n\n\n\n<p>Segundo Moreira, o texto atual permite que o trabalhador intermitente agrupe os pagamentos, at\u00e9 atingir o valor m\u00ednimo, mantendo a contagem de tempo para a aposentadoria.<\/p>\n\n\n\n<p>BPC<br>No momento, o Plen\u00e1rio analisa um destaque do PT para retirar do texto a fixa\u00e7\u00e3o de crit\u00e9rios para a concess\u00e3o do Benef\u00edcio de Presta\u00e7\u00e3o Continuada (BPC).<\/p>\n\n\n\n<p>A medida havia sido inclu\u00edda na comiss\u00e3o especial a pedido do governo para reduzir fraudes no pagamento do benef\u00edcio e gerar economia de R$ 23,4 bilh\u00f5es nos pr\u00f3ximos dez anos.<\/p>\n\n\n\n<p>No in\u00edcio da madrugada, o plen\u00e1rio da C\u00e2mara aprovou o texto principal por 370 votos a favor, 124 contra e 1 absten\u00e7\u00e3o.<\/p>\n\n\n\n<p>A tramita\u00e7\u00e3o em primeiro turno da proposta foi conclu\u00edda no dia 13 de julho. Na ocasi\u00e3o, o texto principal foi aprovado por 379 votos a 131.<\/p>\n\n\n\n<p>Em segundo turno, s\u00e3o necess\u00e1rios tamb\u00e9m 308 votos para aprovar a PEC, e os partidos podem apresentar somente destaques supressivos, ou seja, para retirar partes do texto.<\/p>\n\n\n\n<p>Conclu\u00edda a tramita\u00e7\u00e3o na C\u00e2mara, a mat\u00e9ria segue para an\u00e1lise do Senado, onde tamb\u00e9m ser\u00e1 analisada em dois turnos de vota\u00e7\u00e3o.<\/p>\n","protected":false},"excerpt":{"rendered":"<p>O plen\u00e1rio da C\u00e2mara dos Deputados manteve as mudan\u00e7as no c\u00e1lculo de pens\u00f5es por morte, abrindo brecha para o pagamento de benef\u00edcios inferiores ao sal\u00e1rio&hellip; <\/p>\n","protected":false},"author":1,"featured_media":109128,"comment_status":"closed","ping_status":"closed","sticky":false,"template":"","format":"standard","meta":{"sfsi_plus_gutenberg_text_before_share":"","sfsi_plus_gutenberg_show_text_before_share":"","sfsi_plus_gutenberg_icon_type":"","sfsi_plus_gutenberg_icon_alignemt":"","sfsi_plus_gutenburg_max_per_row":"","footnotes":""},"categories":[11],"tags":[],"class_list":["post-109127","post","type-post","status-publish","format-standard","has-post-thumbnail","hentry","category-politica"],"_links":{"self":[{"href":"https:\/\/www.caririemacao.com\/1\/wp-json\/wp\/v2\/posts\/109127","targetHints":{"allow":["GET"]}}],"collection":[{"href":"https:\/\/www.caririemacao.com\/1\/wp-json\/wp\/v2\/posts"}],"about":[{"href":"https:\/\/www.caririemacao.com\/1\/wp-json\/wp\/v2\/types\/post"}],"author":[{"embeddable":true,"href":"https:\/\/www.caririemacao.com\/1\/wp-json\/wp\/v2\/users\/1"}],"replies":[{"embeddable":true,"href":"https:\/\/www.caririemacao.com\/1\/wp-json\/wp\/v2\/comments?post=109127"}],"version-history":[{"count":1,"href":"https:\/\/www.caririemacao.com\/1\/wp-json\/wp\/v2\/posts\/109127\/revisions"}],"predecessor-version":[{"id":109129,"href":"https:\/\/www.caririemacao.com\/1\/wp-json\/wp\/v2\/posts\/109127\/revisions\/109129"}],"wp:featuredmedia":[{"embeddable":true,"href":"https:\/\/www.caririemacao.com\/1\/wp-json\/wp\/v2\/media\/109128"}],"wp:attachment":[{"href":"https:\/\/www.caririemacao.com\/1\/wp-json\/wp\/v2\/media?parent=109127"}],"wp:term":[{"taxonomy":"category","embeddable":true,"href":"https:\/\/www.caririemacao.com\/1\/wp-json\/wp\/v2\/categories?post=109127"},{"taxonomy":"post_tag","embeddable":true,"href":"https:\/\/www.caririemacao.com\/1\/wp-json\/wp\/v2\/tags?post=109127"}],"curies":[{"name":"wp","href":"https:\/\/api.w.org\/{rel}","templated":true}]}}