{"id":109133,"date":"2019-08-07T18:19:08","date_gmt":"2019-08-07T21:19:08","guid":{"rendered":"http:\/\/www.caririemacao.com\/1\/?p=109133"},"modified":"2019-08-07T18:19:08","modified_gmt":"2019-08-07T21:19:08","slug":"stf-suspende-transferencia-de-lula-para-presidio-no-interior-de-sao-paulo-e-o-mantem-em-curitiba","status":"publish","type":"post","link":"https:\/\/www.caririemacao.com\/1\/2019\/08\/07\/stf-suspende-transferencia-de-lula-para-presidio-no-interior-de-sao-paulo-e-o-mantem-em-curitiba\/","title":{"rendered":"STF suspende transfer\u00eancia de Lula para pres\u00eddio no interior de S\u00e3o Paulo e o mant\u00e9m em Curitiba"},"content":{"rendered":"\n<p>O Supremo Tribunal Federal (STF) suspendeu nesta quarta-feira (7), por 10 votos a 1, a transfer\u00eancia do ex-presidente Luiz In\u00e1cio Lula da Silva para o pres\u00eddio de Trememb\u00e9, no interior de S\u00e3o Paulo. Apenas o ministro Marco Aur\u00e9lio Mello votou contra.<\/p>\n\n\n\n<p>Por maioria, os ministros decidiram manter o petista preso na carceragem da Pol\u00edcia Federal (PF), em Curitiba, at\u00e9 que a Segunda Turma do tribunal conclua a an\u00e1lise de um pedido de suspei\u00e7\u00e3o do ex-juiz e atual ministro da Justi\u00e7a, S\u00e9rgio Moro, apresentado pela defesa do petista. O julgamento foi adiado em junho ap\u00f3s um pedido de vista (mais tempo para analisar o caso) do ministro Gilmar Mendes e ainda n\u00e3o tem data definida para ser retomado.<\/p>\n","protected":false},"excerpt":{"rendered":"<p>O Supremo Tribunal Federal (STF) suspendeu nesta quarta-feira (7), por 10 votos a 1, a transfer\u00eancia do ex-presidente Luiz In\u00e1cio Lula da Silva para o&hellip; <\/p>\n","protected":false},"author":1,"featured_media":49709,"comment_status":"closed","ping_status":"closed","sticky":false,"template":"","format":"standard","meta":{"sfsi_plus_gutenberg_text_before_share":"","sfsi_plus_gutenberg_show_text_before_share":"","sfsi_plus_gutenberg_icon_type":"","sfsi_plus_gutenberg_icon_alignemt":"","sfsi_plus_gutenburg_max_per_row":"","footnotes":""},"categories":[11],"tags":[],"class_list":["post-109133","post","type-post","status-publish","format-standard","has-post-thumbnail","hentry","category-politica"],"_links":{"self":[{"href":"https:\/\/www.caririemacao.com\/1\/wp-json\/wp\/v2\/posts\/109133","targetHints":{"allow":["GET"]}}],"collection":[{"href":"https:\/\/www.caririemacao.com\/1\/wp-json\/wp\/v2\/posts"}],"about":[{"href":"https:\/\/www.caririemacao.com\/1\/wp-json\/wp\/v2\/types\/post"}],"author":[{"embeddable":true,"href":"https:\/\/www.caririemacao.com\/1\/wp-json\/wp\/v2\/users\/1"}],"replies":[{"embeddable":true,"href":"https:\/\/www.caririemacao.com\/1\/wp-json\/wp\/v2\/comments?post=109133"}],"version-history":[{"count":1,"href":"https:\/\/www.caririemacao.com\/1\/wp-json\/wp\/v2\/posts\/109133\/revisions"}],"predecessor-version":[{"id":109134,"href":"https:\/\/www.caririemacao.com\/1\/wp-json\/wp\/v2\/posts\/109133\/revisions\/109134"}],"wp:featuredmedia":[{"embeddable":true,"href":"https:\/\/www.caririemacao.com\/1\/wp-json\/wp\/v2\/media\/49709"}],"wp:attachment":[{"href":"https:\/\/www.caririemacao.com\/1\/wp-json\/wp\/v2\/media?parent=109133"}],"wp:term":[{"taxonomy":"category","embeddable":true,"href":"https:\/\/www.caririemacao.com\/1\/wp-json\/wp\/v2\/categories?post=109133"},{"taxonomy":"post_tag","embeddable":true,"href":"https:\/\/www.caririemacao.com\/1\/wp-json\/wp\/v2\/tags?post=109133"}],"curies":[{"name":"wp","href":"https:\/\/api.w.org\/{rel}","templated":true}]}}