{"id":109140,"date":"2019-08-07T23:02:59","date_gmt":"2019-08-08T02:02:59","guid":{"rendered":"http:\/\/www.caririemacao.com\/1\/?p=109140"},"modified":"2019-08-07T23:02:59","modified_gmt":"2019-08-08T02:02:59","slug":"homem-morre-apos-colidir-moto-com-animal-na-entrada-de-monteiro","status":"publish","type":"post","link":"https:\/\/www.caririemacao.com\/1\/2019\/08\/07\/homem-morre-apos-colidir-moto-com-animal-na-entrada-de-monteiro\/","title":{"rendered":"Homem morre ap\u00f3s colidir moto com animal na entrada de Monteiro"},"content":{"rendered":"\n<p>Na noite desta sexta-feira (07) foi registrado mais um acidente de moto com v\u00edtima fatal no Cariri. Um homem identificado como Nego de Nestor, de 33 anos, morreu ap\u00f3s colidir sua motocicleta com um animal na BR-110, entrada do munic\u00edpio de Monteiro.<\/p>\n\n\n\n<div class=\"wp-block-image\"><figure class=\"alignright\"><img decoding=\"async\" data-src=\"http:\/\/deolhonocariri.com.br\/wp-content\/uploads\/2019\/08\/vitima_monteiro.jpg\" alt=\"\" class=\"wp-image-70050 lazyload\" src=\"data:image\/svg+xml;base64,PHN2ZyB3aWR0aD0iMSIgaGVpZ2h0PSIxIiB4bWxucz0iaHR0cDovL3d3dy53My5vcmcvMjAwMC9zdmciPjwvc3ZnPg==\" \/><\/figure><\/div>\n\n\n\n<p>De acordo com informa\u00e7\u00f5es apuradas pela reportagem, o motociclista passava pr\u00f3ximo a Agrovila Lafayete, quando colidiu com um boi que atravessava a rodovia. O impacto da colis\u00e3o foi muito forte, que a v\u00edtima morreu na hora.<\/p>\n\n\n\n<p>Na moto ainda seguia a esposa da v\u00edtima, que ficou ferida, mas foi socorrida com vida pelo Samu de Monteiro.<\/p>\n\n\n\n<p><strong>De Olho no Cariri<\/strong><\/p>\n","protected":false},"excerpt":{"rendered":"<p>Na noite desta sexta-feira (07) foi registrado mais um acidente de moto com v\u00edtima fatal no Cariri. Um homem identificado como Nego de Nestor, de&hellip; <\/p>\n","protected":false},"author":2,"featured_media":109141,"comment_status":"closed","ping_status":"closed","sticky":false,"template":"","format":"standard","meta":{"sfsi_plus_gutenberg_text_before_share":"","sfsi_plus_gutenberg_show_text_before_share":"","sfsi_plus_gutenberg_icon_type":"","sfsi_plus_gutenberg_icon_alignemt":"","sfsi_plus_gutenburg_max_per_row":"","footnotes":""},"categories":[50,12],"tags":[],"class_list":["post-109140","post","type-post","status-publish","format-standard","has-post-thumbnail","hentry","category-destaque","category-policia"],"_links":{"self":[{"href":"https:\/\/www.caririemacao.com\/1\/wp-json\/wp\/v2\/posts\/109140","targetHints":{"allow":["GET"]}}],"collection":[{"href":"https:\/\/www.caririemacao.com\/1\/wp-json\/wp\/v2\/posts"}],"about":[{"href":"https:\/\/www.caririemacao.com\/1\/wp-json\/wp\/v2\/types\/post"}],"author":[{"embeddable":true,"href":"https:\/\/www.caririemacao.com\/1\/wp-json\/wp\/v2\/users\/2"}],"replies":[{"embeddable":true,"href":"https:\/\/www.caririemacao.com\/1\/wp-json\/wp\/v2\/comments?post=109140"}],"version-history":[{"count":1,"href":"https:\/\/www.caririemacao.com\/1\/wp-json\/wp\/v2\/posts\/109140\/revisions"}],"predecessor-version":[{"id":109142,"href":"https:\/\/www.caririemacao.com\/1\/wp-json\/wp\/v2\/posts\/109140\/revisions\/109142"}],"wp:featuredmedia":[{"embeddable":true,"href":"https:\/\/www.caririemacao.com\/1\/wp-json\/wp\/v2\/media\/109141"}],"wp:attachment":[{"href":"https:\/\/www.caririemacao.com\/1\/wp-json\/wp\/v2\/media?parent=109140"}],"wp:term":[{"taxonomy":"category","embeddable":true,"href":"https:\/\/www.caririemacao.com\/1\/wp-json\/wp\/v2\/categories?post=109140"},{"taxonomy":"post_tag","embeddable":true,"href":"https:\/\/www.caririemacao.com\/1\/wp-json\/wp\/v2\/tags?post=109140"}],"curies":[{"name":"wp","href":"https:\/\/api.w.org\/{rel}","templated":true}]}}