{"id":109488,"date":"2019-08-09T10:53:55","date_gmt":"2019-08-09T13:53:55","guid":{"rendered":"http:\/\/www.caririemacao.com\/1\/?p=109488"},"modified":"2019-08-09T10:53:55","modified_gmt":"2019-08-09T13:53:55","slug":"levantamento-alerta-para-consumo-de-alcool-no-pais","status":"publish","type":"post","link":"https:\/\/www.caririemacao.com\/1\/2019\/08\/09\/levantamento-alerta-para-consumo-de-alcool-no-pais\/","title":{"rendered":"Levantamento alerta para consumo de \u00e1lcool no pa\u00eds"},"content":{"rendered":"\n<p>&nbsp;\u00edndice de consumo de \u00e1lcool no Brasil \u00e9 mais alarmante do que o do uso de subst\u00e2ncias il\u00edcitas, segundo o 3\u00ba Levantamento Nacional sobre o Uso de Drogas pela Popula\u00e7\u00e3o Brasileira, divulgado pela Funda\u00e7\u00e3o Oswaldo Cruz (Fiocruz). A pesquisa revelou que mais da metade da popula\u00e7\u00e3o brasileira de 12 a 65 anos declarou ter consumido bebida alco\u00f3lica alguma vez na vida.<\/p>\n\n\n\n<figure class=\"wp-block-image\"><img decoding=\"async\" data-src=\"http:\/\/imagens.ebc.com.br\/0DaQUatV91qUf17gYIhkmdYeiJA=\/754x0\/smart\/http:\/\/agenciabrasil.ebc.com.br\/sites\/default\/files\/atoms\/image\/cerveja_1.jpg?itok=iSDb_ggi\" alt=\"Bebida alco\u00f3lica\" src=\"data:image\/svg+xml;base64,PHN2ZyB3aWR0aD0iMSIgaGVpZ2h0PSIxIiB4bWxucz0iaHR0cDovL3d3dy53My5vcmcvMjAwMC9zdmciPjwvc3ZnPg==\" class=\"lazyload\" \/><\/figure>\n\n\n\n<p>Mais de dois milh\u00f5es de brasileiros t\u00eam tra\u00e7os de depend\u00eancia da bebida alco\u00f3lica&nbsp;<strong>(Arquivo\/Marcelo Camargo\/Ag\u00eancia Brasil)<\/strong><br><\/p>\n\n\n\n<p>Cerca de 46 milh\u00f5es (30,1%) informaram ter consumido pelo menos uma dose nos 30 dias anteriores. E aproximadamente 2,3 milh\u00f5es de pessoas apresentaram crit\u00e9rios para depend\u00eancia de \u00e1lcool nos 12 meses anteriores \u00e0 pesquisa.<\/p>\n\n\n\n<p>O levantamento que ouviu cerca de 17 mil pessoas com idades entre 12 e 65 anos, em todo o Brasil, entre maio e outubro de 2015, \u00e9 apontado como um dos mais completos por sua abrang\u00eancia. Pesquisadores da funda\u00e7\u00e3o afirmam, inclusive, que os resultados s\u00e3o representativos inclusive de munic\u00edpios de pequeno porte e de zonas de fronteira.<\/p>\n\n\n\n<h2 class=\"wp-block-heading\">\u00c1lcool e viol\u00eancia<\/h2>\n\n\n\n<p>A rela\u00e7\u00e3o entre \u00e1lcool e diferentes formas de viol\u00eancia tamb\u00e9m foi abordada pelos pesquisadores que detectaram que, aproximadamente 14% dos homens brasileiros de 12 a 65 anos dirigiram ap\u00f3s consumir bebida alco\u00f3lica, nos 12 meses anteriores \u00e0 entrevista. J\u00e1 entre as mulheres esta estimativa foi de 1,8%. A percentagem de pessoas que estiveram envolvidos em acidentes de tr\u00e2nsito enquanto estavam sob o efeito de \u00e1lcool foi de 0,7%.<\/p>\n\n\n\n<figure class=\"wp-block-image\"><img decoding=\"async\" data-src=\"http:\/\/imagens.ebc.com.br\/TRlmtJIG-LjYxbMee5ATv0DPd1c=\/365x0\/smart\/http:\/\/agenciabrasil.ebc.com.br\/sites\/default\/files\/atoms\/image\/dpvat.jpg?itok=HREbTHPV\" alt=\"Indeniza\u00e7\u00f5es por acidentes com autom\u00f3veis\" src=\"data:image\/svg+xml;base64,PHN2ZyB3aWR0aD0iMSIgaGVpZ2h0PSIxIiB4bWxucz0iaHR0cDovL3d3dy53My5vcmcvMjAwMC9zdmciPjwvc3ZnPg==\" class=\"lazyload\" \/><\/figure>\n\n\n\n<p>Uso de \u00e1lcool est\u00e1 relacionado a diferentes formas de viol\u00eancia<strong>&nbsp;(Arquivo Ag\u00eancia Brasil)<\/strong><br><\/p>\n\n\n\n<p>Cerca de 4,4 milh\u00f5es de pessoas alegaram ter discutido com algu\u00e9m sob efeito de \u00e1lcool nos 12 meses anteriores \u00e0 entrevista. Destes, 2,9 milh\u00f5es eram homens e 1,5 milh\u00e3o, mulheres. A preval\u00eancia de ter informado que \u201cdestruiu ou quebrou algo que n\u00e3o era seu\u201d sob efeito de \u00e1lcool tamb\u00e9m foi estaticamente significativa e maior entre homens do que entre mulheres (1,1% e 0,3%, respectivamente).<\/p>\n\n\n\n<h2 class=\"wp-block-heading\">Percep\u00e7\u00e3o de Risco<\/h2>\n\n\n\n<p>A percep\u00e7\u00e3o do brasileiro quanto \u00e0s drogas atrela mais risco ao uso do crack do que ao \u00e1lcool: 44,5% acham que o primeiro \u00e9 a droga associada ao maior n\u00famero de mortes no pa\u00eds, enquanto apenas 26,7% colocariam o \u00e1lcool no topo do ranking.<\/p>\n\n\n\n<p>Segundo coordenador do levantamento e pesquisador do Instituto de Comunica\u00e7\u00e3o e Informa\u00e7\u00e3o em Sa\u00fade da Fiocruz, Francisco In\u00e1cio Bastos,os principais estudos sobre o tema, como a pesquisa de cargas de doen\u00e7as da Organiza\u00e7\u00e3o Mundial de Sa\u00fade, n\u00e3o deixam d\u00favidas: o \u00e1lcool \u00e9 a subst\u00e2ncia mais associada, direta ou indiretamente, a danos \u00e0 sa\u00fade que levam \u00e0 morte\u201d, afirmou Bastos.<\/p>\n\n\n\n<p>\u201cTanto o \u00e1lcool quanto o crack, por\u00e9m, representam grandes desafios \u00e0 sa\u00fade p\u00fablica. Os jovens brasileiros est\u00e3o consumindo drogas com mais potencial de provocar danos e riscos, como o pr\u00f3prio crack. Al\u00e9m disso, h\u00e1 uma tend\u00eancia ao poli uso [uso simult\u00e2neo de drogas diferentes]. Por isso \u00e9 t\u00e3o importante atualizar os dados epidemiol\u00f3gicos dispon\u00edveis no pa\u00eds, para responder \u00e0s perguntas de um tema como o consumo de drogas, que se torna ainda mais complexo num pa\u00eds t\u00e3o heterog\u00eaneo quanto o Brasil\u201d, advertiu.<\/p>\n","protected":false},"excerpt":{"rendered":"<p>&nbsp;\u00edndice de consumo de \u00e1lcool no Brasil \u00e9 mais alarmante do que o do uso de subst\u00e2ncias il\u00edcitas, segundo o 3\u00ba Levantamento Nacional sobre o&hellip; <\/p>\n","protected":false},"author":1,"featured_media":9240,"comment_status":"closed","ping_status":"closed","sticky":false,"template":"","format":"standard","meta":{"sfsi_plus_gutenberg_text_before_share":"","sfsi_plus_gutenberg_show_text_before_share":"","sfsi_plus_gutenberg_icon_type":"","sfsi_plus_gutenberg_icon_alignemt":"","sfsi_plus_gutenburg_max_per_row":"","footnotes":""},"categories":[16],"tags":[],"class_list":["post-109488","post","type-post","status-publish","format-standard","has-post-thumbnail","hentry","category-saude"],"_links":{"self":[{"href":"https:\/\/www.caririemacao.com\/1\/wp-json\/wp\/v2\/posts\/109488","targetHints":{"allow":["GET"]}}],"collection":[{"href":"https:\/\/www.caririemacao.com\/1\/wp-json\/wp\/v2\/posts"}],"about":[{"href":"https:\/\/www.caririemacao.com\/1\/wp-json\/wp\/v2\/types\/post"}],"author":[{"embeddable":true,"href":"https:\/\/www.caririemacao.com\/1\/wp-json\/wp\/v2\/users\/1"}],"replies":[{"embeddable":true,"href":"https:\/\/www.caririemacao.com\/1\/wp-json\/wp\/v2\/comments?post=109488"}],"version-history":[{"count":1,"href":"https:\/\/www.caririemacao.com\/1\/wp-json\/wp\/v2\/posts\/109488\/revisions"}],"predecessor-version":[{"id":109489,"href":"https:\/\/www.caririemacao.com\/1\/wp-json\/wp\/v2\/posts\/109488\/revisions\/109489"}],"wp:featuredmedia":[{"embeddable":true,"href":"https:\/\/www.caririemacao.com\/1\/wp-json\/wp\/v2\/media\/9240"}],"wp:attachment":[{"href":"https:\/\/www.caririemacao.com\/1\/wp-json\/wp\/v2\/media?parent=109488"}],"wp:term":[{"taxonomy":"category","embeddable":true,"href":"https:\/\/www.caririemacao.com\/1\/wp-json\/wp\/v2\/categories?post=109488"},{"taxonomy":"post_tag","embeddable":true,"href":"https:\/\/www.caririemacao.com\/1\/wp-json\/wp\/v2\/tags?post=109488"}],"curies":[{"name":"wp","href":"https:\/\/api.w.org\/{rel}","templated":true}]}}