{"id":109492,"date":"2019-08-09T10:56:04","date_gmt":"2019-08-09T13:56:04","guid":{"rendered":"http:\/\/www.caririemacao.com\/1\/?p=109492"},"modified":"2019-08-09T10:56:04","modified_gmt":"2019-08-09T13:56:04","slug":"queda-de-1-dos-servicos-em-junho-elimina-ganhos-anteriores","status":"publish","type":"post","link":"https:\/\/www.caririemacao.com\/1\/2019\/08\/09\/queda-de-1-dos-servicos-em-junho-elimina-ganhos-anteriores\/","title":{"rendered":"Queda de 1% dos servi\u00e7os em junho elimina ganhos anteriores"},"content":{"rendered":"\n<p>O Instituto Brasileiro de Geografia e Estat\u00edstica (IBGE) divulgou hoje (9) Pesquisa Mensal de Servi\u00e7os com dados de junho. Houve um recuo de 1% em rela\u00e7\u00e3o a maio. \u00c9 a pior queda do ano. Na compara\u00e7\u00e3o com junho de 2018, o volume de servi\u00e7os caiu 3,6%.<\/p>\n\n\n\n<p>O setor de servi\u00e7os no Brasil havia registrado um ganho de 0,4% no acumulado de abril e maio. Com a queda de junho, esse ganho foi perdido.<\/p>\n\n\n\n<p>Desde o in\u00edcio de 2019, h\u00e1 um crescimento acumulado de 0,6%, o que representa uma leve perda de ritmo do crescimento frente ao segundo semestre de 2018, quando a alta foi de 0,8%. No acumulado nos \u00faltimos 12 meses, o avan\u00e7o \u00e9 de 0,7%.<\/p>\n\n\n\n<h2 class=\"wp-block-heading\">Servi\u00e7os de informa\u00e7\u00e3o e comunica\u00e7\u00e3o<\/h2>\n\n\n\n<p>Segundo o IBGE, a retra\u00e7\u00e3o de 1% do volume de servi\u00e7os observada na passagem de maio para junho de 2019 foi acompanhada por todas as cinco atividades analisadas. O pior desempenho foi do ramo de servi\u00e7os de informa\u00e7\u00e3o e comunica\u00e7\u00e3o (-2,6%). Este setor havia crescido 3,2% entre maio e abril.<\/p>\n\n\n\n<p>Recuos tamb\u00e9m foram observados nos ramos de transportes e correio (-1,0%), outros servi\u00e7os (-2,3%), servi\u00e7os profissionais e administrativos (-0,1%) e servi\u00e7os prestados \u00e0s fam\u00edlias (-0,2%).<\/p>\n\n\n\n<p>Das 27 unidades da federa\u00e7\u00e3o, 19 assinalaram retra\u00e7\u00e3o no volume de servi\u00e7os em junho de 2019, na compara\u00e7\u00e3o com o m\u00eas anterior. S\u00e3o Paulo (-1,6%) e Rio de Janeiro (-3,4%) est\u00e3o entre os estados com desempenho negativo, assim como Santa Catarina (-4,9%) e o Distrito Federal (-4,2%). O principal resultado positivo veio do Mato Grosso (4,2%), recuperando-se da queda de 1,8% de maio.<\/p>\n\n\n\n<p>O \u00edndice de atividades tur\u00edsticas apontou varia\u00e7\u00e3o negativa (-0,2%) frente ao m\u00eas imediatamente anterior, quando houve avan\u00e7o de 1,6% em maio. Destoando positivamente, Santa Catarina registrou um crescimento de 4,6% nesse \u00edndice.<\/p>\n","protected":false},"excerpt":{"rendered":"<p>O Instituto Brasileiro de Geografia e Estat\u00edstica (IBGE) divulgou hoje (9) Pesquisa Mensal de Servi\u00e7os com dados de junho. Houve um recuo de 1% em&hellip; <\/p>\n","protected":false},"author":1,"featured_media":106099,"comment_status":"closed","ping_status":"closed","sticky":false,"template":"","format":"standard","meta":{"sfsi_plus_gutenberg_text_before_share":"","sfsi_plus_gutenberg_show_text_before_share":"","sfsi_plus_gutenberg_icon_type":"","sfsi_plus_gutenberg_icon_alignemt":"","sfsi_plus_gutenburg_max_per_row":"","footnotes":""},"categories":[2],"tags":[],"class_list":["post-109492","post","type-post","status-publish","format-standard","has-post-thumbnail","hentry","category-geral"],"_links":{"self":[{"href":"https:\/\/www.caririemacao.com\/1\/wp-json\/wp\/v2\/posts\/109492","targetHints":{"allow":["GET"]}}],"collection":[{"href":"https:\/\/www.caririemacao.com\/1\/wp-json\/wp\/v2\/posts"}],"about":[{"href":"https:\/\/www.caririemacao.com\/1\/wp-json\/wp\/v2\/types\/post"}],"author":[{"embeddable":true,"href":"https:\/\/www.caririemacao.com\/1\/wp-json\/wp\/v2\/users\/1"}],"replies":[{"embeddable":true,"href":"https:\/\/www.caririemacao.com\/1\/wp-json\/wp\/v2\/comments?post=109492"}],"version-history":[{"count":1,"href":"https:\/\/www.caririemacao.com\/1\/wp-json\/wp\/v2\/posts\/109492\/revisions"}],"predecessor-version":[{"id":109493,"href":"https:\/\/www.caririemacao.com\/1\/wp-json\/wp\/v2\/posts\/109492\/revisions\/109493"}],"wp:featuredmedia":[{"embeddable":true,"href":"https:\/\/www.caririemacao.com\/1\/wp-json\/wp\/v2\/media\/106099"}],"wp:attachment":[{"href":"https:\/\/www.caririemacao.com\/1\/wp-json\/wp\/v2\/media?parent=109492"}],"wp:term":[{"taxonomy":"category","embeddable":true,"href":"https:\/\/www.caririemacao.com\/1\/wp-json\/wp\/v2\/categories?post=109492"},{"taxonomy":"post_tag","embeddable":true,"href":"https:\/\/www.caririemacao.com\/1\/wp-json\/wp\/v2\/tags?post=109492"}],"curies":[{"name":"wp","href":"https:\/\/api.w.org\/{rel}","templated":true}]}}