{"id":109506,"date":"2019-08-09T11:26:35","date_gmt":"2019-08-09T14:26:35","guid":{"rendered":"http:\/\/www.caririemacao.com\/1\/?p=109506"},"modified":"2019-08-09T11:26:35","modified_gmt":"2019-08-09T14:26:35","slug":"bolsonaro-diz-que-pretende-transferir-coaf-para-o-banco-central","status":"publish","type":"post","link":"https:\/\/www.caririemacao.com\/1\/2019\/08\/09\/bolsonaro-diz-que-pretende-transferir-coaf-para-o-banco-central\/","title":{"rendered":"Bolsonaro diz que pretende transferir Coaf para o Banco Central"},"content":{"rendered":"\n<p>O presidente Jair Bolsonaro confirmou nesta sexta-feira (9) que pretende transferir o Coaf (Conselho de Controle de Atividades Financeiras), hoje vinculado ao Minist\u00e9rio da Economia, para o Banco Central.<\/p>\n\n\n\n<p>&#8220;O que n\u00f3s pretendemos \u00e9 tirar o Coaf do jogo pol\u00edtico&#8221;, afirmou Bolsonaro. &#8220;Vincular ao Banco Central, a\u00ed acaba (jogo pol\u00edtico)&#8221;, ressaltou.<\/p>\n\n\n\n<p>A declara\u00e7\u00e3o foi dada ao lado do ministro da Justi\u00e7a, Sergio Moro, no Pal\u00e1cio do Alvorada. O encontro entre os dois n\u00e3o estava previsto na agenda oficial do presidente.<\/p>\n\n\n\n<p>&#8220;Tudo o que tem pol\u00edtica, mesmo tendo bem intencionado, sempre sofre press\u00f5es. A gente quer evitar isso a\u00ed&#8221;, disse o presidente.<\/p>\n\n\n\n<p>&#8220;O Coaf, porventura caso v\u00e1 para o Banco Central, vai fazer o seu trabalho sem qualquer suspei\u00e7\u00e3o de favorecimento pol\u00edtico&#8221;, ressaltou.<\/p>\n\n\n\n<p>Bolsonaro afirmou ainda que a perman\u00eancia do presidente do Coaf, Roberto Leonel, n\u00e3o est\u00e1 garantida se a mudan\u00e7a para o BC se confirmar. E indicou que o \u00f3rg\u00e3o pode mudar de nome.<\/p>\n\n\n\n<p>&#8220;Se vai ser o Banco Central, quem vai decidir \u00e9 o Roberto Campos (presidente do BC). Agora, o que parece que ele pretende \u00e9 ter um quadro efetivo do Coaf, que mudaria de nome inclusive&#8221;, afirmou o presidente.<\/p>\n\n\n\n<p>A mudan\u00e7a para o BC j\u00e1 havia sido indicada pelo ministro Paulo Guedes (Economia). A ideia, segundo ele, seria dar celeridade ao projeto que d\u00e1 autonomia ao Banco Central e, com isso, garantir uma &#8220;blindagem pol\u00edtica ao Coaf&#8221;. A aliados ele tem dito que o \u00f3rg\u00e3o \u00e9 atualmente alvo de uma &#8220;guerra entre institui\u00e7\u00f5es&#8221;.<\/p>\n\n\n\n<p>De um lado, v\u00ea uma press\u00e3o popular pela investiga\u00e7\u00e3o da classe pol\u00edtica e representantes dos demais Poderes. De outro, uma rea\u00e7\u00e3o das institui\u00e7\u00f5es, manifestada por decis\u00f5es recentes do STF (Supremo Tribunal Federal) e por parlamentares da &#8220;velha pol\u00edtica&#8221; que se queixam de persegui\u00e7\u00e3o.<\/p>\n\n\n\n<p>Como mostrou a Folha, o ministro da Economia vem sendo pressionado pelo Pal\u00e1cio do Planalto, com anu\u00eancia de Jair Bolsonaro, a demitir o presidente do Coaf, Roberto Leonel, aliado de Moro.<\/p>\n\n\n\n<p>Segundo auxiliares, Bolsonaro est\u00e1 incomodado com o comportamento do comando do Coaf em rela\u00e7\u00e3o \u00e0 decis\u00e3o do presidente do STF, ministro Dias Toffoli, de suspender investiga\u00e7\u00f5es criminais pelo pa\u00eds que usem dados detalhados de \u00f3rg\u00e3os de controle -como Coaf, Receita Federal e Banco Central- sem autoriza\u00e7\u00e3o judicial.<\/p>\n\n\n\n<p>Toffoli atendeu a um pedido da defesa do senador Fl\u00e1vio Bolsonaro (PSL-RJ), filho mais velho do presidente, alvo de investiga\u00e7\u00e3o realizada pelo Minist\u00e9rio P\u00fablico do Rio de Janeiro.<\/p>\n\n\n\n<p>Em manifesta\u00e7\u00e3o enviada \u00e0 Folha, o Coaf criticou a decis\u00e3o de Toffoli sobre o uso de seu material em investiga\u00e7\u00f5es. O \u00f3rg\u00e3o afirma que a medida prejudica o combate \u00e0 lavagem de dinheiro.<\/p>\n\n\n\n<p>Na noite de quarta (7), ap\u00f3s reuni\u00e3o com o chefe do Coaf, Guedes disse que &#8220;cabe\u00e7a pode rolar&#8221;, mas que ele buscava uma solu\u00e7\u00e3o institucional para o \u00f3rg\u00e3o.<\/p>\n\n\n\n<p>Na ocasi\u00e3o, sem dar detalhes, o ministro disse que poderia ser feito um ajuste de estrutura. Ele afirmou estar dialogando com outros Poderes e que esperava apresentar uma solu\u00e7\u00e3o para o caso at\u00e9 a pr\u00f3xima semana.<\/p>\n\n\n\n<p>Na entrevista desta sexta, Bolsonaro disse que as mudan\u00e7as em curso no Coaf n\u00e3o representam um desgaste para Moro.<\/p>\n\n\n\n<p>A possibilidade de transferir o Coaf para o BC j\u00e1 foi levada pelo ministro da Economia ao presidente da C\u00e2mara, Rodrigo Maia (DEM-RJ), com quem tamb\u00e9m trata em paralelo sobre dar celeridade ao projeto de independ\u00eancia da autoridade monet\u00e1ria.c<\/p>\n","protected":false},"excerpt":{"rendered":"<p>O presidente Jair Bolsonaro confirmou nesta sexta-feira (9) que pretende transferir o Coaf (Conselho de Controle de Atividades Financeiras), hoje vinculado ao Minist\u00e9rio da Economia,&hellip; <\/p>\n","protected":false},"author":1,"featured_media":109507,"comment_status":"closed","ping_status":"closed","sticky":false,"template":"","format":"standard","meta":{"sfsi_plus_gutenberg_text_before_share":"","sfsi_plus_gutenberg_show_text_before_share":"","sfsi_plus_gutenberg_icon_type":"","sfsi_plus_gutenberg_icon_alignemt":"","sfsi_plus_gutenburg_max_per_row":"","footnotes":""},"categories":[11],"tags":[],"class_list":["post-109506","post","type-post","status-publish","format-standard","has-post-thumbnail","hentry","category-politica"],"_links":{"self":[{"href":"https:\/\/www.caririemacao.com\/1\/wp-json\/wp\/v2\/posts\/109506","targetHints":{"allow":["GET"]}}],"collection":[{"href":"https:\/\/www.caririemacao.com\/1\/wp-json\/wp\/v2\/posts"}],"about":[{"href":"https:\/\/www.caririemacao.com\/1\/wp-json\/wp\/v2\/types\/post"}],"author":[{"embeddable":true,"href":"https:\/\/www.caririemacao.com\/1\/wp-json\/wp\/v2\/users\/1"}],"replies":[{"embeddable":true,"href":"https:\/\/www.caririemacao.com\/1\/wp-json\/wp\/v2\/comments?post=109506"}],"version-history":[{"count":1,"href":"https:\/\/www.caririemacao.com\/1\/wp-json\/wp\/v2\/posts\/109506\/revisions"}],"predecessor-version":[{"id":109508,"href":"https:\/\/www.caririemacao.com\/1\/wp-json\/wp\/v2\/posts\/109506\/revisions\/109508"}],"wp:featuredmedia":[{"embeddable":true,"href":"https:\/\/www.caririemacao.com\/1\/wp-json\/wp\/v2\/media\/109507"}],"wp:attachment":[{"href":"https:\/\/www.caririemacao.com\/1\/wp-json\/wp\/v2\/media?parent=109506"}],"wp:term":[{"taxonomy":"category","embeddable":true,"href":"https:\/\/www.caririemacao.com\/1\/wp-json\/wp\/v2\/categories?post=109506"},{"taxonomy":"post_tag","embeddable":true,"href":"https:\/\/www.caririemacao.com\/1\/wp-json\/wp\/v2\/tags?post=109506"}],"curies":[{"name":"wp","href":"https:\/\/api.w.org\/{rel}","templated":true}]}}