{"id":109517,"date":"2019-08-09T11:38:18","date_gmt":"2019-08-09T14:38:18","guid":{"rendered":"http:\/\/www.caririemacao.com\/1\/?p=109517"},"modified":"2019-08-09T11:38:18","modified_gmt":"2019-08-09T14:38:18","slug":"programa-future-se-sera-tema-de-audiencia-publica-na-assembleia-legislativa","status":"publish","type":"post","link":"https:\/\/www.caririemacao.com\/1\/2019\/08\/09\/programa-future-se-sera-tema-de-audiencia-publica-na-assembleia-legislativa\/","title":{"rendered":"Programa Future-se ser\u00e1 tema de audi\u00eancia p\u00fablica na Assembleia Legislativa"},"content":{"rendered":"\n<p>programa Future-se, do governo federal, ser\u00e1 debatido em audi\u00eancia p\u00fablica na Assembleia Legislativa da Para\u00edba (ALPB) na pr\u00f3xima segunda-feira (12). A sess\u00e3o acontece \u00e0s 15h.&nbsp;<\/p>\n\n\n\n<p>A sess\u00e3o \u00e9 uma iniciativa dos deputados Estela Bezerra, Cida Ramos e Raniery Paulino. O programa \u00e9 destinado \u00e0 autonomia financeira do ensino superior.&nbsp;&nbsp;<\/p>\n\n\n\n<p>A deputada Estela Bezerra,&nbsp;presidente da Comiss\u00e3o de Educa\u00e7\u00e3o, Cultura e Desporto da ALPB, defendeu a participa\u00e7\u00e3o da comunidade acad\u00eamica e da sociedade na audi\u00eancia para defender a educa\u00e7\u00e3o.&nbsp;<\/p>\n\n\n\n<p>&#8220;Se n\u00e3o nos posicionarmos uma das principais pol\u00edticas, determinante para o desenvolvimento social e econ\u00f4mico ser\u00e1 desconstru\u00edda em nosso pa\u00eds. Vamos nos unir em defesa da Educa\u00e7\u00e3o&#8221;, disse.<\/p>\n","protected":false},"excerpt":{"rendered":"<p>programa Future-se, do governo federal, ser\u00e1 debatido em audi\u00eancia p\u00fablica na Assembleia Legislativa da Para\u00edba (ALPB) na pr\u00f3xima segunda-feira (12). A sess\u00e3o acontece \u00e0s 15h.&nbsp;&hellip; <\/p>\n","protected":false},"author":1,"featured_media":109518,"comment_status":"closed","ping_status":"closed","sticky":false,"template":"","format":"standard","meta":{"sfsi_plus_gutenberg_text_before_share":"","sfsi_plus_gutenberg_show_text_before_share":"","sfsi_plus_gutenberg_icon_type":"","sfsi_plus_gutenberg_icon_alignemt":"","sfsi_plus_gutenburg_max_per_row":"","footnotes":""},"categories":[11],"tags":[],"class_list":["post-109517","post","type-post","status-publish","format-standard","has-post-thumbnail","hentry","category-politica"],"_links":{"self":[{"href":"https:\/\/www.caririemacao.com\/1\/wp-json\/wp\/v2\/posts\/109517","targetHints":{"allow":["GET"]}}],"collection":[{"href":"https:\/\/www.caririemacao.com\/1\/wp-json\/wp\/v2\/posts"}],"about":[{"href":"https:\/\/www.caririemacao.com\/1\/wp-json\/wp\/v2\/types\/post"}],"author":[{"embeddable":true,"href":"https:\/\/www.caririemacao.com\/1\/wp-json\/wp\/v2\/users\/1"}],"replies":[{"embeddable":true,"href":"https:\/\/www.caririemacao.com\/1\/wp-json\/wp\/v2\/comments?post=109517"}],"version-history":[{"count":1,"href":"https:\/\/www.caririemacao.com\/1\/wp-json\/wp\/v2\/posts\/109517\/revisions"}],"predecessor-version":[{"id":109519,"href":"https:\/\/www.caririemacao.com\/1\/wp-json\/wp\/v2\/posts\/109517\/revisions\/109519"}],"wp:featuredmedia":[{"embeddable":true,"href":"https:\/\/www.caririemacao.com\/1\/wp-json\/wp\/v2\/media\/109518"}],"wp:attachment":[{"href":"https:\/\/www.caririemacao.com\/1\/wp-json\/wp\/v2\/media?parent=109517"}],"wp:term":[{"taxonomy":"category","embeddable":true,"href":"https:\/\/www.caririemacao.com\/1\/wp-json\/wp\/v2\/categories?post=109517"},{"taxonomy":"post_tag","embeddable":true,"href":"https:\/\/www.caririemacao.com\/1\/wp-json\/wp\/v2\/tags?post=109517"}],"curies":[{"name":"wp","href":"https:\/\/api.w.org\/{rel}","templated":true}]}}