{"id":109526,"date":"2019-08-09T13:35:45","date_gmt":"2019-08-09T16:35:45","guid":{"rendered":"http:\/\/www.caririemacao.com\/1\/?p=109526"},"modified":"2019-08-09T13:35:45","modified_gmt":"2019-08-09T16:35:45","slug":"professores-de-universidades-da-paraiba-fse-articulam-para-paralisar-atividades-na-proxima-terca-feira","status":"publish","type":"post","link":"https:\/\/www.caririemacao.com\/1\/2019\/08\/09\/professores-de-universidades-da-paraiba-fse-articulam-para-paralisar-atividades-na-proxima-terca-feira\/","title":{"rendered":"Professores de universidades da Para\u00edba fse articulam para paralisar atividades na pr\u00f3xima ter\u00e7a-feira"},"content":{"rendered":"\n<p>Os professores da Universidade Federal de Campina Grande (UFCG) j\u00e1 decidiram, em Assembleia, aderir \u00e0 Greve Nacional da Educa\u00e7\u00e3o na pr\u00f3xima ter\u00e7a-feira (13). Com a mobiliza\u00e7\u00e3o, agendada para acontecer em todo o pa\u00eds, a institui\u00e7\u00e3o de ensino n\u00e3o dever\u00e1 ter aulas.<\/p>\n\n\n\n<p>O posicionamento da UFCG \u00e9 similar ao adotado pela Universidade Federal da Para\u00edba (UFPB) e pela Universidade Estadual da Para\u00edba (UEPB). Professores, estudantes e funcion\u00e1rios das outras duas universidades ainda ir\u00e3o se reunir para definir os detalhes sobre as paralisa\u00e7\u00f5es e manifesta\u00e7\u00f5es da pr\u00f3xima semana.<\/p>\n\n\n\n<p>Em Campina Grande j\u00e1 existe uma previs\u00e3o para a mobiliza\u00e7\u00e3o do dia 13 de agosto. A partir das 8h est\u00e1 marcada a concentra\u00e7\u00e3o dos manifestantes em frente ao port\u00e3o principal da UFCG. Pouco depois, \u00e0s 9h, dever\u00e1 ter in\u00edcio a Marcha em Defesa da Educa\u00e7\u00e3o e da Previd\u00eancia at\u00e9 a Pra\u00e7a da Bandeira, no Centro da cidade. L\u00e1, dever\u00e1 acontecer um Ato P\u00fablico Unificado em Defesa da Educa\u00e7\u00e3o e da Previd\u00eancia.<\/p>\n\n\n\n<p>Al\u00e9m dos professores, outras categorias relacionadas com a educa\u00e7\u00e3o, como estudantes, servidores e funcion\u00e1rios terceirizados da UFCG tamb\u00e9m dever\u00e3o se integrar \u00e0 manifesta\u00e7\u00e3o.<\/p>\n\n\n\n<p>A Assembleia dos Docentes da ADUFCG aconteceu nesta quinta-feira (08). Ainda durante a assembleia, os professores rejeitaram por unanimidade a ades\u00e3o ao Programa Future-se, proposto pelo Governo Federal. A categoria considera que o programa representa um ataque \u00e0 autonomia e ao car\u00e1ter p\u00fablico das Institui\u00e7\u00f5es de Ensino Superior. Eles cobram que a reitoria se posicione contra o programa Future-se.<\/p>\n","protected":false},"excerpt":{"rendered":"<p>Os professores da Universidade Federal de Campina Grande (UFCG) j\u00e1 decidiram, em Assembleia, aderir \u00e0 Greve Nacional da Educa\u00e7\u00e3o na pr\u00f3xima ter\u00e7a-feira (13). Com a&hellip; <\/p>\n","protected":false},"author":1,"featured_media":109527,"comment_status":"closed","ping_status":"closed","sticky":false,"template":"","format":"standard","meta":{"sfsi_plus_gutenberg_text_before_share":"","sfsi_plus_gutenberg_show_text_before_share":"","sfsi_plus_gutenberg_icon_type":"","sfsi_plus_gutenberg_icon_alignemt":"","sfsi_plus_gutenburg_max_per_row":"","footnotes":""},"categories":[14],"tags":[],"class_list":["post-109526","post","type-post","status-publish","format-standard","has-post-thumbnail","hentry","category-educacao"],"_links":{"self":[{"href":"https:\/\/www.caririemacao.com\/1\/wp-json\/wp\/v2\/posts\/109526","targetHints":{"allow":["GET"]}}],"collection":[{"href":"https:\/\/www.caririemacao.com\/1\/wp-json\/wp\/v2\/posts"}],"about":[{"href":"https:\/\/www.caririemacao.com\/1\/wp-json\/wp\/v2\/types\/post"}],"author":[{"embeddable":true,"href":"https:\/\/www.caririemacao.com\/1\/wp-json\/wp\/v2\/users\/1"}],"replies":[{"embeddable":true,"href":"https:\/\/www.caririemacao.com\/1\/wp-json\/wp\/v2\/comments?post=109526"}],"version-history":[{"count":1,"href":"https:\/\/www.caririemacao.com\/1\/wp-json\/wp\/v2\/posts\/109526\/revisions"}],"predecessor-version":[{"id":109528,"href":"https:\/\/www.caririemacao.com\/1\/wp-json\/wp\/v2\/posts\/109526\/revisions\/109528"}],"wp:featuredmedia":[{"embeddable":true,"href":"https:\/\/www.caririemacao.com\/1\/wp-json\/wp\/v2\/media\/109527"}],"wp:attachment":[{"href":"https:\/\/www.caririemacao.com\/1\/wp-json\/wp\/v2\/media?parent=109526"}],"wp:term":[{"taxonomy":"category","embeddable":true,"href":"https:\/\/www.caririemacao.com\/1\/wp-json\/wp\/v2\/categories?post=109526"},{"taxonomy":"post_tag","embeddable":true,"href":"https:\/\/www.caririemacao.com\/1\/wp-json\/wp\/v2\/tags?post=109526"}],"curies":[{"name":"wp","href":"https:\/\/api.w.org\/{rel}","templated":true}]}}