{"id":109531,"date":"2019-08-09T13:39:21","date_gmt":"2019-08-09T16:39:21","guid":{"rendered":"http:\/\/www.caririemacao.com\/1\/?p=109531"},"modified":"2019-08-09T13:39:21","modified_gmt":"2019-08-09T16:39:21","slug":"assembleia-legislativa-da-paraiba-vai-defender-lei-dos-estacionamentos-na-justica","status":"publish","type":"post","link":"https:\/\/www.caririemacao.com\/1\/2019\/08\/09\/assembleia-legislativa-da-paraiba-vai-defender-lei-dos-estacionamentos-na-justica\/","title":{"rendered":"Assembleia Legislativa da Para\u00edba vai defender lei dos estacionamentos na Justi\u00e7a"},"content":{"rendered":"\n<p>Assembleia Legislativa da Para\u00edba emitiu uma nota na manh\u00e3 desta sexta-feira (09) informando que pretende buscar a Justi\u00e7a para buscar esclarecimentos e defender a lei que estabelece diretrizes para a gratuidade no estacionamento de estabelecimentos comerciais. Tr\u00eas shoppings de Jo\u00e3o Pessoa conseguiram liminar junto \u00e0 Justi\u00e7a para que n\u00e3o sejam fiscalizados ou cobrados pelo que dita a nova lei, que come\u00e7ou a vigorar nesta quinta-feira (08).<\/p>\n\n\n\n<p>Segundo a nota, \u201ca grande repercuss\u00e3o e aceita\u00e7\u00e3o da nova legisla\u00e7\u00e3o junto aos cidad\u00e3os paraibanos e at\u00e9 em alguns estabelecimentos que j\u00e1 adotam a pr\u00e1tica, demonstra seu grande impacto social, notadamente em momento de crise que atravessa o pa\u00eds\u201d.<\/p>\n\n\n\n<p>Com a publica\u00e7\u00e3o da nova lei, os consumidores agora disp\u00f5em de uma car\u00eancia de 20 minutos de perman\u00eancia no estacionamento e poder\u00e3o permanecer at\u00e9 cinco horas no local de forma gratuita caso tenham feito alguma compra no valor dez vezes maior do que o cobrado pelo estacionamento.<\/p>\n\n\n\n<p>A lei, de autoria do deputado Taciano Diniz, foi promulgada pelo presidente da Assembleia Legislativa da Para\u00edba, deputado Adriano Galdino.<\/p>\n\n\n\n<p><strong>Nota<\/strong><\/p>\n\n\n\n<p>Devido a grande repercuss\u00e3o e ao impacto social da Lei 11.411\/2019, que garante a regulamenta\u00e7\u00e3o da cobran\u00e7a de taxa de estacionamento em Shoppings Centers, Mercados e Centros Comerciais, garantindo uma toler\u00e2ncia de at\u00e9 20 minutos e a isen\u00e7\u00e3o do pagamento por at\u00e9 cinco horas mediante comprova\u00e7\u00e3o de compra no estabelecimento em valor igual ou maior que dez vezes o pre\u00e7o da taxa de estacionamento, a Assembleia Legislativa destaca:&nbsp;<\/p>\n\n\n\n<p>1 \u2013 A Assembleia da Para\u00edba cumpre seu papel em legislar em prol da sociedade paraibana, entendendo que as leis aprovadas pela Casa devem levar em considera\u00e7\u00e3o os aspectos legais, sociais e econ\u00f4micos, gerando bem-estar, equidade e prote\u00e7\u00e3o aos cidad\u00e3os.<\/p>\n\n\n\n<p>2 \u2013 A grande repercuss\u00e3o e aceita\u00e7\u00e3o da nova legisla\u00e7\u00e3o junto aos cidad\u00e3os paraibanos e at\u00e9 em alguns estabelecimentos que j\u00e1 adotam a pr\u00e1tica, demonstra seu grande impacto social, notadamente em momento de crise que atravessa o pa\u00eds.<\/p>\n\n\n\n<p>3 \u2013 A Assembleia Legislativa da Para\u00edba buscar\u00e1 esclarecer judicialmente a mat\u00e9ria e defender\u00e1 a legisla\u00e7\u00e3o promulgada, em harmonia com os anseios da popula\u00e7\u00e3o paraibana, que se sentiu amparada pela nova norma e lhe trouxe benef\u00edcio imediato ap\u00f3s a sua promulga\u00e7\u00e3o.<\/p>\n","protected":false},"excerpt":{"rendered":"<p>Assembleia Legislativa da Para\u00edba emitiu uma nota na manh\u00e3 desta sexta-feira (09) informando que pretende buscar a Justi\u00e7a para buscar esclarecimentos e defender a lei&hellip; <\/p>\n","protected":false},"author":1,"featured_media":109532,"comment_status":"closed","ping_status":"closed","sticky":false,"template":"","format":"standard","meta":{"sfsi_plus_gutenberg_text_before_share":"","sfsi_plus_gutenberg_show_text_before_share":"","sfsi_plus_gutenberg_icon_type":"","sfsi_plus_gutenberg_icon_alignemt":"","sfsi_plus_gutenburg_max_per_row":"","footnotes":""},"categories":[11],"tags":[],"class_list":["post-109531","post","type-post","status-publish","format-standard","has-post-thumbnail","hentry","category-politica"],"_links":{"self":[{"href":"https:\/\/www.caririemacao.com\/1\/wp-json\/wp\/v2\/posts\/109531","targetHints":{"allow":["GET"]}}],"collection":[{"href":"https:\/\/www.caririemacao.com\/1\/wp-json\/wp\/v2\/posts"}],"about":[{"href":"https:\/\/www.caririemacao.com\/1\/wp-json\/wp\/v2\/types\/post"}],"author":[{"embeddable":true,"href":"https:\/\/www.caririemacao.com\/1\/wp-json\/wp\/v2\/users\/1"}],"replies":[{"embeddable":true,"href":"https:\/\/www.caririemacao.com\/1\/wp-json\/wp\/v2\/comments?post=109531"}],"version-history":[{"count":1,"href":"https:\/\/www.caririemacao.com\/1\/wp-json\/wp\/v2\/posts\/109531\/revisions"}],"predecessor-version":[{"id":109533,"href":"https:\/\/www.caririemacao.com\/1\/wp-json\/wp\/v2\/posts\/109531\/revisions\/109533"}],"wp:featuredmedia":[{"embeddable":true,"href":"https:\/\/www.caririemacao.com\/1\/wp-json\/wp\/v2\/media\/109532"}],"wp:attachment":[{"href":"https:\/\/www.caririemacao.com\/1\/wp-json\/wp\/v2\/media?parent=109531"}],"wp:term":[{"taxonomy":"category","embeddable":true,"href":"https:\/\/www.caririemacao.com\/1\/wp-json\/wp\/v2\/categories?post=109531"},{"taxonomy":"post_tag","embeddable":true,"href":"https:\/\/www.caririemacao.com\/1\/wp-json\/wp\/v2\/tags?post=109531"}],"curies":[{"name":"wp","href":"https:\/\/api.w.org\/{rel}","templated":true}]}}