{"id":109541,"date":"2019-08-09T13:46:14","date_gmt":"2019-08-09T16:46:14","guid":{"rendered":"http:\/\/www.caririemacao.com\/1\/?p=109541"},"modified":"2019-08-09T13:46:14","modified_gmt":"2019-08-09T16:46:14","slug":"bolsonaro-participa-de-evento-de-promocao-de-generais-do-exercito","status":"publish","type":"post","link":"https:\/\/www.caririemacao.com\/1\/2019\/08\/09\/bolsonaro-participa-de-evento-de-promocao-de-generais-do-exercito\/","title":{"rendered":"Bolsonaro participa de evento de promo\u00e7\u00e3o de generais do Ex\u00e9rcito"},"content":{"rendered":"\n<p>O\u00a0presidente Jair Bolsonaro participou\u00a0hoje\u00a0(9) da solenidade de promo\u00e7\u00e3o de 16 oficiais-generais do Ex\u00e9rcito, no Clube do Ex\u00e9rcito, em Bras\u00edlia. Ao parabenizar os rec\u00e9m-promovidos, Bolsonaro disse que \u201ca Deus devemos nossas vidas e ao Ex\u00e9rcito e algumas outras institui\u00e7\u00f5es devemos nossa liberdade\u201d. \u201cColegas nossos do passado tombaram por essa liberdade e outros tiveram suas reputa\u00e7\u00f5es praticamente destru\u00eddas pela inf\u00e2mia e pela mentira. Mas a consci\u00eancia de todos n\u00f3s \u00e9 de que est\u00e1vamos no caminho certo\u201d, disse.No evento, os novos generais do Ex\u00e9rcito receberam a medalha da Ordem do M\u00e9rito Militar por servi\u00e7os prestados. \u201cO exemplo dos senhores ser\u00e1 o oxig\u00eanio para aqueles que voc\u00eas comandam e uma certeza para aqueles que os comandaram de que esses postos est\u00e3o sendo muito bem preenchidos\u201d, disse Bolsonaro.O presidente foi acompanhado pelos ministros da Justi\u00e7a e Seguran\u00e7a P\u00fablica, Sergio Moro; da Defesa, Fernando Azevedo; da Secretaria de Governo, Luiz Eduardo Ramos; e do Gabinete de Seguran\u00e7a Institucional (GSI), general Augusto Heleno.Durante seu discurso Bolsonaro cumprimentou e elogiou o trabalho do ministro Moro e tamb\u00e9m do general Eduardo Villas B\u00f4as, tamb\u00e9m presente na cerim\u00f4nia. Villas B\u00f4as foi o comandante do Ex\u00e9rcito\u00a0de fevereiro\u00a0de 2015 at\u00e9 janeiro de 2019.\u00a0Hoje\u00a0\u00e9 consultor do GSI.<\/p>\n","protected":false},"excerpt":{"rendered":"<p>O\u00a0presidente Jair Bolsonaro participou\u00a0hoje\u00a0(9) da solenidade de promo\u00e7\u00e3o de 16 oficiais-generais do Ex\u00e9rcito, no Clube do Ex\u00e9rcito, em Bras\u00edlia. Ao parabenizar os rec\u00e9m-promovidos, Bolsonaro disse&hellip; <\/p>\n","protected":false},"author":1,"featured_media":107081,"comment_status":"closed","ping_status":"closed","sticky":false,"template":"","format":"standard","meta":{"sfsi_plus_gutenberg_text_before_share":"","sfsi_plus_gutenberg_show_text_before_share":"","sfsi_plus_gutenberg_icon_type":"","sfsi_plus_gutenberg_icon_alignemt":"","sfsi_plus_gutenburg_max_per_row":"","footnotes":""},"categories":[11],"tags":[],"class_list":["post-109541","post","type-post","status-publish","format-standard","has-post-thumbnail","hentry","category-politica"],"_links":{"self":[{"href":"https:\/\/www.caririemacao.com\/1\/wp-json\/wp\/v2\/posts\/109541","targetHints":{"allow":["GET"]}}],"collection":[{"href":"https:\/\/www.caririemacao.com\/1\/wp-json\/wp\/v2\/posts"}],"about":[{"href":"https:\/\/www.caririemacao.com\/1\/wp-json\/wp\/v2\/types\/post"}],"author":[{"embeddable":true,"href":"https:\/\/www.caririemacao.com\/1\/wp-json\/wp\/v2\/users\/1"}],"replies":[{"embeddable":true,"href":"https:\/\/www.caririemacao.com\/1\/wp-json\/wp\/v2\/comments?post=109541"}],"version-history":[{"count":1,"href":"https:\/\/www.caririemacao.com\/1\/wp-json\/wp\/v2\/posts\/109541\/revisions"}],"predecessor-version":[{"id":109542,"href":"https:\/\/www.caririemacao.com\/1\/wp-json\/wp\/v2\/posts\/109541\/revisions\/109542"}],"wp:featuredmedia":[{"embeddable":true,"href":"https:\/\/www.caririemacao.com\/1\/wp-json\/wp\/v2\/media\/107081"}],"wp:attachment":[{"href":"https:\/\/www.caririemacao.com\/1\/wp-json\/wp\/v2\/media?parent=109541"}],"wp:term":[{"taxonomy":"category","embeddable":true,"href":"https:\/\/www.caririemacao.com\/1\/wp-json\/wp\/v2\/categories?post=109541"},{"taxonomy":"post_tag","embeddable":true,"href":"https:\/\/www.caririemacao.com\/1\/wp-json\/wp\/v2\/tags?post=109541"}],"curies":[{"name":"wp","href":"https:\/\/api.w.org\/{rel}","templated":true}]}}