{"id":109546,"date":"2019-08-09T13:49:05","date_gmt":"2019-08-09T16:49:05","guid":{"rendered":"http:\/\/www.caririemacao.com\/1\/?p=109546"},"modified":"2019-08-09T13:49:05","modified_gmt":"2019-08-09T16:49:05","slug":"bolsonaro-sobre-moro-eu-sou-tecnico-de-um-time-de-futebol-ele-e-um-jogador","status":"publish","type":"post","link":"https:\/\/www.caririemacao.com\/1\/2019\/08\/09\/bolsonaro-sobre-moro-eu-sou-tecnico-de-um-time-de-futebol-ele-e-um-jogador\/","title":{"rendered":"Bolsonaro sobre Moro: \u201cEu sou t\u00e9cnico de um time de futebol, ele \u00e9 um jogador\u201d"},"content":{"rendered":"\n<p>Para amenizar o desgaste do ministro Sergio Moro (Justi\u00e7a), o presidente Jair Bolsonaro (PSL) fez afagos ao ex-juiz nesta sexta-feira (9) e comparou a rela\u00e7\u00e3o entre eles a de um time de futebol.<\/p>\n\n\n\n<p>\u201cEm grande parte, eu me aconselho com ele [Moro]. Eu sou t\u00e9cnico de um time de futebol, ele \u00e9 um jogador. Ent\u00e3o jogador conversa comigo, d\u00e1 sugest\u00e3o\u201d, disse Bolsonaro, ao afirmar que consulta Moro, al\u00e9m de outros ministros, no processo de escolha do novo procurador-geral da Rep\u00fablica.<\/p>\n\n\n\n<p>Bolsonaro disse que a escolha do futuro chefe do Minist\u00e9rio P\u00fablico Federal deve ocorrer apenas na sexta-feira (16) e brincou que existem \u201c80 no p\u00e1reo\u201d.<\/p>\n\n\n\n<p>A declara\u00e7\u00e3o foi feita pelo presidente ao deixar o Pal\u00e1cio da Alvorada, acompanhado do ministro.<\/p>\n\n\n\n<p>Bolsonaro e Moro tiveram nesta sexta-feira um breve encontro na resid\u00eancia oficial da Presid\u00eancia da Rep\u00fablica, dez minutos antes de sa\u00edrem juntos para um evento no Clube do Ex\u00e9rcito. A reuni\u00e3o n\u00e3o estava prevista nas agendas.<\/p>\n\n\n\n<p>O afago a Moro ocorre um dia ap\u00f3s Bolsonaro ter dado alfinetadas no titular da Justi\u00e7a.<\/p>\n\n\n\n<p>Na quinta (8), o presidente disse que, apesar de ser da Justi\u00e7a, Moro \u201cn\u00e3o julga mais ningu\u00e9m\u201d e recomendou ao auxiliar \u201cpaci\u00eancia\u201d na aprova\u00e7\u00e3o do pacote anticrime no Congresso. Na ocasi\u00e3o, Bolsonaro indicou que a prioridade era o avan\u00e7o de medidas econ\u00f4micas.<\/p>\n\n\n\n<p>Nos bastidores de Bras\u00edlia, integrantes dos poderes Executivo, Legislativo e Judici\u00e1rio se queixam do estilo de Moro de agir. Eles o definem como arrogante e individualista.<\/p>\n\n\n\n<p>Isso fez com que o ministro da Justi\u00e7a amargasse uma s\u00e9rie de derrotas tanto no Congresso, com o pacote anticrime, quanto no STF, em especial no caso da apura\u00e7\u00e3o dos hackers e da transfer\u00eancia do ex-presidente Lula de Curitiba para S\u00e3o Paulo.<\/p>\n\n\n\n<p>\u201cUm ministro na situa\u00e7\u00e3o do Moro, no meu entendimento, ele veio para o governo com um prop\u00f3sito e ele quer ver suas propostas aprovadas. Ele tem consci\u00eancia de que depende n\u00e3o apenas dele, depende do Parlamento. Ent\u00e3o a paci\u00eancia que eu pe\u00e7o para ele e ele pede para mim, que \u00e9 muito comum, quantas vezes ele me conteve, isso faz parte do nosso dia a dia\u201d, disse Bolsonaro.<\/p>\n\n\n\n<p>Questionados sobre o motivo do encontro entre eles, Bolsonaro disse que convidou o ministro para ir a um evento dos novos oficiais generais.<\/p>\n\n\n\n<p>J\u00e1 Moro brincou que o caf\u00e9 da manh\u00e3 do Alvorada \u00e9 melhor do que o do Minist\u00e9rio da Justi\u00e7a.<\/p>\n\n\n\n<p>J\u00e1 na cerim\u00f4nia no evento no Clube do Ex\u00e9rcito, o presidente fez novos acenos ao seu auxiliar.<\/p>\n\n\n\n<p>\u201cQuero fazer um elogio p\u00fablico aqui ao nosso ministro Sergio Moro, um homem que teve a coragem, a galhardia e a vontade de fazer cumprir a lei. Fazer com que as entranhas do poder fossem colocadas \u00e0 vista de todos no passado e tamb\u00e9m no presente. Uma pessoa a quem tamb\u00e9m devemos em grande parte a situa\u00e7\u00e3o em que o Brasil se encontra, ao lado da democracia e da liberdade. Obrigado Sergio Moro\u201d, disse em discurso.<\/p>\n\n\n\n<p>Ao sair do Alvorada, o ministro da Justi\u00e7a minimizou as cr\u00edticas \u00e0 vota\u00e7\u00e3o de seu projeto e disse que, desde sempre, a Previd\u00eancia foi uma prioridade para o governo.<\/p>\n\n\n\n<p>\u201cA reforma da Previd\u00eancia sempre teve prioridade porque existe uma necessidade de alavancar a economia. Superada a vota\u00e7\u00e3o na C\u00e2mara, n\u00e3o existe nenhum \u00f3bice para discutir o projeto anticrime dentro da C\u00e2mara. \u00c9 um projeto importante, \u00e9 um projeto do governo Bolsonaro\u201d, disse.<\/p>\n\n\n\n<p>Moro aproveitou a fala para tamb\u00e9m fazer afagos ao presidente.<\/p>\n\n\n\n<p>\u201cN\u00e3o seria poss\u00edvel esse projeto se n\u00e3o fosse a elei\u00e7\u00e3o do presidente. Se tivesse tido outro resultado da elei\u00e7\u00e3o, provavelmente a gente estaria discutindo anistia criminosa. Estamos discutindo um projeto que fortalece o combate ao crime e esse projeto foi muito discutido com o presidente, tem a aprova\u00e7\u00e3o do governo.\u201d<\/p>\n","protected":false},"excerpt":{"rendered":"<p>Para amenizar o desgaste do ministro Sergio Moro (Justi\u00e7a), o presidente Jair Bolsonaro (PSL) fez afagos ao ex-juiz nesta sexta-feira (9) e comparou a rela\u00e7\u00e3o&hellip; <\/p>\n","protected":false},"author":1,"featured_media":102746,"comment_status":"closed","ping_status":"closed","sticky":false,"template":"","format":"standard","meta":{"sfsi_plus_gutenberg_text_before_share":"","sfsi_plus_gutenberg_show_text_before_share":"","sfsi_plus_gutenberg_icon_type":"","sfsi_plus_gutenberg_icon_alignemt":"","sfsi_plus_gutenburg_max_per_row":"","footnotes":""},"categories":[11],"tags":[],"class_list":["post-109546","post","type-post","status-publish","format-standard","has-post-thumbnail","hentry","category-politica"],"_links":{"self":[{"href":"https:\/\/www.caririemacao.com\/1\/wp-json\/wp\/v2\/posts\/109546","targetHints":{"allow":["GET"]}}],"collection":[{"href":"https:\/\/www.caririemacao.com\/1\/wp-json\/wp\/v2\/posts"}],"about":[{"href":"https:\/\/www.caririemacao.com\/1\/wp-json\/wp\/v2\/types\/post"}],"author":[{"embeddable":true,"href":"https:\/\/www.caririemacao.com\/1\/wp-json\/wp\/v2\/users\/1"}],"replies":[{"embeddable":true,"href":"https:\/\/www.caririemacao.com\/1\/wp-json\/wp\/v2\/comments?post=109546"}],"version-history":[{"count":1,"href":"https:\/\/www.caririemacao.com\/1\/wp-json\/wp\/v2\/posts\/109546\/revisions"}],"predecessor-version":[{"id":109547,"href":"https:\/\/www.caririemacao.com\/1\/wp-json\/wp\/v2\/posts\/109546\/revisions\/109547"}],"wp:featuredmedia":[{"embeddable":true,"href":"https:\/\/www.caririemacao.com\/1\/wp-json\/wp\/v2\/media\/102746"}],"wp:attachment":[{"href":"https:\/\/www.caririemacao.com\/1\/wp-json\/wp\/v2\/media?parent=109546"}],"wp:term":[{"taxonomy":"category","embeddable":true,"href":"https:\/\/www.caririemacao.com\/1\/wp-json\/wp\/v2\/categories?post=109546"},{"taxonomy":"post_tag","embeddable":true,"href":"https:\/\/www.caririemacao.com\/1\/wp-json\/wp\/v2\/tags?post=109546"}],"curies":[{"name":"wp","href":"https:\/\/api.w.org\/{rel}","templated":true}]}}