{"id":109551,"date":"2019-08-09T15:16:11","date_gmt":"2019-08-09T18:16:11","guid":{"rendered":"http:\/\/www.caririemacao.com\/1\/?p=109551"},"modified":"2019-08-09T15:16:11","modified_gmt":"2019-08-09T18:16:11","slug":"azevedo-diz-que-nao-perde-tempo-com-frases-de-bolsonaro-e-denuncia-ausencia-de-novos-convenios-federais","status":"publish","type":"post","link":"https:\/\/www.caririemacao.com\/1\/2019\/08\/09\/azevedo-diz-que-nao-perde-tempo-com-frases-de-bolsonaro-e-denuncia-ausencia-de-novos-convenios-federais\/","title":{"rendered":"Azev\u00eado diz que n\u00e3o perde tempo com frases de Bolsonaro e denuncia aus\u00eancia de novos conv\u00eanios federais"},"content":{"rendered":"\n<p>&nbsp;governador Jo\u00e3o Azev\u00eado (PSB) em entrevista nesta sexta-feira (09), em solenidade no Espa\u00e7o Cultural, em Jo\u00e3o Pessoa, preferiu n\u00e3o comentar se vai participar, caso convidado, da poss\u00edvel vinda de Jair Bolsonaro a Campina Grande, na Para\u00edba, para inaugura\u00e7\u00e3o de complexo residencial. Ele disse que sua preocupa\u00e7\u00e3o \u00e9 com a Para\u00edba e que n\u00e3o tem tempo para perder com a disputa verbal de Bolsonaro.<\/p>\n\n\n\n<p>&#8220;N\u00e3o, n\u00e3o sei, ainda, eu n\u00e3o trabalho sob suposi\u00e7\u00e3o nem sobre fatos que poder\u00e3o ou n\u00e3o acontecer&#8221;, disse. &#8220;A Para\u00edba vai continuar exigindo exatamente aquilo que ela tem direito&#8221;, frisou, afirmando que vai continuar cobrando do governo federal o posicionamento com rela\u00e7\u00e3o a empr\u00e9stimo, aos pleitos e aos conv\u00eanios que est\u00e3o em andamento. &#8220;Porque at\u00e9 agora n\u00f3s n\u00e3o assinamos nenhum conv\u00eanio novo neste governo e vamos continuar exigindo o respeito que a Para\u00edba merece&#8221;, disse.<\/p>\n\n\n\n<p>Jo\u00e3o Azev\u00eado disse que n\u00e3o tem tempo a perder com as pol\u00eamicas envolvendo declara\u00e7\u00f5es do presidente da Rep\u00fablica, Jair Bolsonaro.<\/p>\n\n\n\n<p>&#8220;Entretanto, a disputa de, cada dia, responder a uma frase, isso \u00e9 muito pequeno. Eu acho que n\u00f3s temos que passar adiante de cada coisa dessa. At\u00e9 porque as frases s\u00e3o ditas em temas diferentes, em coisas diferentes, e s\u00e3o esquecidas no dia seguinte, eu n\u00e3o tenho tempo para perder com esse tipo de coisa&#8221;, desabafou Jo\u00e3o Azev\u00eado.<\/p>\n","protected":false},"excerpt":{"rendered":"<p>&nbsp;governador Jo\u00e3o Azev\u00eado (PSB) em entrevista nesta sexta-feira (09), em solenidade no Espa\u00e7o Cultural, em Jo\u00e3o Pessoa, preferiu n\u00e3o comentar se vai participar, caso convidado,&hellip; <\/p>\n","protected":false},"author":1,"featured_media":106017,"comment_status":"closed","ping_status":"closed","sticky":false,"template":"","format":"standard","meta":{"sfsi_plus_gutenberg_text_before_share":"","sfsi_plus_gutenberg_show_text_before_share":"","sfsi_plus_gutenberg_icon_type":"","sfsi_plus_gutenberg_icon_alignemt":"","sfsi_plus_gutenburg_max_per_row":"","footnotes":""},"categories":[11],"tags":[],"class_list":["post-109551","post","type-post","status-publish","format-standard","has-post-thumbnail","hentry","category-politica"],"_links":{"self":[{"href":"https:\/\/www.caririemacao.com\/1\/wp-json\/wp\/v2\/posts\/109551","targetHints":{"allow":["GET"]}}],"collection":[{"href":"https:\/\/www.caririemacao.com\/1\/wp-json\/wp\/v2\/posts"}],"about":[{"href":"https:\/\/www.caririemacao.com\/1\/wp-json\/wp\/v2\/types\/post"}],"author":[{"embeddable":true,"href":"https:\/\/www.caririemacao.com\/1\/wp-json\/wp\/v2\/users\/1"}],"replies":[{"embeddable":true,"href":"https:\/\/www.caririemacao.com\/1\/wp-json\/wp\/v2\/comments?post=109551"}],"version-history":[{"count":1,"href":"https:\/\/www.caririemacao.com\/1\/wp-json\/wp\/v2\/posts\/109551\/revisions"}],"predecessor-version":[{"id":109552,"href":"https:\/\/www.caririemacao.com\/1\/wp-json\/wp\/v2\/posts\/109551\/revisions\/109552"}],"wp:featuredmedia":[{"embeddable":true,"href":"https:\/\/www.caririemacao.com\/1\/wp-json\/wp\/v2\/media\/106017"}],"wp:attachment":[{"href":"https:\/\/www.caririemacao.com\/1\/wp-json\/wp\/v2\/media?parent=109551"}],"wp:term":[{"taxonomy":"category","embeddable":true,"href":"https:\/\/www.caririemacao.com\/1\/wp-json\/wp\/v2\/categories?post=109551"},{"taxonomy":"post_tag","embeddable":true,"href":"https:\/\/www.caririemacao.com\/1\/wp-json\/wp\/v2\/tags?post=109551"}],"curies":[{"name":"wp","href":"https:\/\/api.w.org\/{rel}","templated":true}]}}