{"id":109555,"date":"2019-08-09T15:26:04","date_gmt":"2019-08-09T18:26:04","guid":{"rendered":"http:\/\/www.caririemacao.com\/1\/?p=109555"},"modified":"2019-08-09T15:26:04","modified_gmt":"2019-08-09T18:26:04","slug":"bolsonaro-sugere-fazer-coco-dia-sim-dia-nao-para-ajudar-meio-ambiente","status":"publish","type":"post","link":"https:\/\/www.caririemacao.com\/1\/2019\/08\/09\/bolsonaro-sugere-fazer-coco-dia-sim-dia-nao-para-ajudar-meio-ambiente\/","title":{"rendered":"Bolsonaro sugere &#8216;fazer coc\u00f4 dia sim, dia n\u00e3o&#8217; para ajudar meio ambiente"},"content":{"rendered":"\n<p>O presidente Jair Bolsonaro acrescentou um novo fator na equa\u00e7\u00e3o que tenta equilibrar o desenvolvimento econ\u00f4mico e a preserva\u00e7\u00e3o ambiental no Pa\u00eds. Nesta sexta-feira (9), Bolsonaro sugeriu que um rep\u00f3rter \u201cfizesse coc\u00f4 dia sim, dia n\u00e3o\u201d para ajudar a preserva\u00e7\u00e3o do meio ambiente.\u00a0<br><\/p>\n\n\n\n<p>Questionado se seria poss\u00edvel equilibrar o crescimento da economia com a sustentabilidade, Bolsonaro respondeu em tom ir\u00f4nico.<\/p>\n\n\n\n<p>\u201cVoc\u00ea fala para mim em polui\u00e7\u00e3o ambiental. \u00c9 s\u00f3 voc\u00ea fazer coc\u00f4 dia sim, dia n\u00e3o, que melhora bastante a nossa vida tamb\u00e9m\u201d, declarou.&nbsp;Ainda, o presidente sugeriu que o jornalista diminu\u00edsse a sua ingest\u00e3o de alimentos di\u00e1ria para diminuir o impacto ambiental.<\/p>\n\n\n\n<p>\u2033\u00c9 s\u00f3 voc\u00ea deixar de comer um pouquinho\u201d, afirmou.&nbsp;Na mesma fala, o presidente defendeu a pol\u00edtica de planejamento familiar para controlar o crescimento populacional e diminuir a polui\u00e7\u00e3o na Terra.<\/p>\n\n\n\n<p>Segundo o presidente, a quantidade de filhos de cada fam\u00edlia \u00e9 inversamente proporcional \u00e0 forma\u00e7\u00e3o cultural dos pais. Ainda, disse que ele, que tem 5 filhos, seria uma \u201cexce\u00e7\u00e3o\u201d.<\/p>\n\n\n\n<p>\u201cAgora, o mundo, quando eu falei que cresce mais de 70 milh\u00f5es por ano, precisa de uma pol\u00edtica de planejamento familiar [&#8230;] Voc\u00ea olha que as pessoas que t\u00eam mais cultura, t\u00eam menos filhos. Eu sou uma exce\u00e7\u00e3o \u00e0 regra, tenho cinco. Mas como regra \u00e9 isso\u201d, completou.<\/p>\n","protected":false},"excerpt":{"rendered":"<p>O presidente Jair Bolsonaro acrescentou um novo fator na equa\u00e7\u00e3o que tenta equilibrar o desenvolvimento econ\u00f4mico e a preserva\u00e7\u00e3o ambiental no Pa\u00eds. Nesta sexta-feira (9),&hellip; <\/p>\n","protected":false},"author":1,"featured_media":109556,"comment_status":"closed","ping_status":"closed","sticky":false,"template":"","format":"standard","meta":{"sfsi_plus_gutenberg_text_before_share":"","sfsi_plus_gutenberg_show_text_before_share":"","sfsi_plus_gutenberg_icon_type":"","sfsi_plus_gutenberg_icon_alignemt":"","sfsi_plus_gutenburg_max_per_row":"","footnotes":""},"categories":[11],"tags":[],"class_list":["post-109555","post","type-post","status-publish","format-standard","has-post-thumbnail","hentry","category-politica"],"_links":{"self":[{"href":"https:\/\/www.caririemacao.com\/1\/wp-json\/wp\/v2\/posts\/109555","targetHints":{"allow":["GET"]}}],"collection":[{"href":"https:\/\/www.caririemacao.com\/1\/wp-json\/wp\/v2\/posts"}],"about":[{"href":"https:\/\/www.caririemacao.com\/1\/wp-json\/wp\/v2\/types\/post"}],"author":[{"embeddable":true,"href":"https:\/\/www.caririemacao.com\/1\/wp-json\/wp\/v2\/users\/1"}],"replies":[{"embeddable":true,"href":"https:\/\/www.caririemacao.com\/1\/wp-json\/wp\/v2\/comments?post=109555"}],"version-history":[{"count":1,"href":"https:\/\/www.caririemacao.com\/1\/wp-json\/wp\/v2\/posts\/109555\/revisions"}],"predecessor-version":[{"id":109557,"href":"https:\/\/www.caririemacao.com\/1\/wp-json\/wp\/v2\/posts\/109555\/revisions\/109557"}],"wp:featuredmedia":[{"embeddable":true,"href":"https:\/\/www.caririemacao.com\/1\/wp-json\/wp\/v2\/media\/109556"}],"wp:attachment":[{"href":"https:\/\/www.caririemacao.com\/1\/wp-json\/wp\/v2\/media?parent=109555"}],"wp:term":[{"taxonomy":"category","embeddable":true,"href":"https:\/\/www.caririemacao.com\/1\/wp-json\/wp\/v2\/categories?post=109555"},{"taxonomy":"post_tag","embeddable":true,"href":"https:\/\/www.caririemacao.com\/1\/wp-json\/wp\/v2\/tags?post=109555"}],"curies":[{"name":"wp","href":"https:\/\/api.w.org\/{rel}","templated":true}]}}