{"id":109561,"date":"2019-08-09T15:28:47","date_gmt":"2019-08-09T18:28:47","guid":{"rendered":"http:\/\/www.caririemacao.com\/1\/?p=109561"},"modified":"2019-08-09T15:28:47","modified_gmt":"2019-08-09T18:28:47","slug":"bolsonaro-garante-que-nao-havera-volta-de-cpmf","status":"publish","type":"post","link":"https:\/\/www.caririemacao.com\/1\/2019\/08\/09\/bolsonaro-garante-que-nao-havera-volta-de-cpmf\/","title":{"rendered":"Bolsonaro garante que n\u00e3o haver\u00e1 volta de CPMF"},"content":{"rendered":"\n<p>J\u00e1 falei que n\u00e3o existe CPMF. O que ele quer mexer, tudo proposta, n\u00e3o vai depois dizer l\u00e1 na frente que eu recuei, tudo \u00e9 proposta. N\u00f3s queremos facilitar o imposto de renda, aumentar a base, acabar com algumas dedu\u00e7\u00f5es, diminuir o imposto m\u00e1ximo de 27,5%, diminuir um pouco. Essa que \u00e9 a ideia&#8221;, disse Bolsonaro.<br><\/p>\n\n\n\n<p>Pela proposta de reforma tribut\u00e1ria em elabora\u00e7\u00e3o pelo Minist\u00e9rio da Economia, essa contribui\u00e7\u00e3o seria criada para compensar a desonera\u00e7\u00e3o da folha de pagamento em todos os setores da economia. O novo tributo teria entre 0,5% e 0,6% sobre as movimenta\u00e7\u00f5es financeiras.<\/p>\n\n\n\n<p>Segundo o colunista do G1 Gerson Camarotti, integrantes da equipe econ\u00f4mica do governo j\u00e1 foram alertados por deputados de que haver\u00e1 forte resist\u00eancia no Congresso para a aprova\u00e7\u00e3o de uma contribui\u00e7\u00e3o sobre pagamentos e movimenta\u00e7\u00f5es financeiras semelhante \u00e0 antiga CPMF.<\/p>\n\n\n\n<p>Ainda durante a campanha, Bolsonaro negou que pretendia recriar o imposto que incide sobre movimenta\u00e7\u00e3o financeira.<\/p>\n\n\n\n<p>A CPMF foi extinta em 2007 depois de uma grande campanha contr\u00e1ria de empres\u00e1rios e setores da sociedade civil.<\/p>\n\n\n\n<p><strong>Imposto sobre pagamentos e recebimentos&nbsp; &nbsp; &nbsp; &nbsp; &nbsp;<\/strong><\/p>\n\n\n\n<p>O governo j\u00e1 anunciou a inten\u00e7\u00e3o de instituir um tributo eletr\u00f4nico sobre pagamentos e recebimentos \u2013 que abrangeria todas as movimenta\u00e7\u00f5es financeiras, semelhante \u00e0 extinta CPMF.<\/p>\n\n\n\n<p>A ideia seria colocar esse novo tributo no lugar da contribui\u00e7\u00e3o patronal sobre a folha de pagamentos, que seria extinta, para estimular o emprego no pa\u00eds.<\/p>\n\n\n\n<p>O assunto foi tema de evento em S\u00e3o Paulo, nesta quinta-feira (8), com a equipe econ\u00f4mica do governo. Durante o evento, o secret\u00e1rio especial da Receita Federal, Marcos Cintra, afirmou que uma reforma tribut\u00e1ria deve ser aprovada at\u00e9 o fim do governo Bolsonaro.<\/p>\n\n\n\n<p>Segundo ele, o projeto a ser apresentado ser\u00e1 composto de um trip\u00e9: altera\u00e7\u00e3o no imposto de renda para pessoas f\u00edsicas e jur\u00eddicas, desonera\u00e7\u00e3o da folha de pagamento e cria\u00e7\u00e3o de um imposto para reunir tributos federais como PIS, Cofins e o IOF.<\/p>\n\n\n\n<p><strong>Isen\u00e7\u00e3o de IR&nbsp; &nbsp; &nbsp; &nbsp; &nbsp; &nbsp; &nbsp; &nbsp; &nbsp;<\/strong><br>Bolsonaro tamb\u00e9m foi questionado sobre isen\u00e7\u00e3o de Imposto de Renda para quem recebe at\u00e9 cinco sal\u00e1rios m\u00ednimos. Ele disse que a medida seria boa.<\/p>\n\n\n\n<p>&#8220;Falei durante a campanha, sim, tinha conversado com o Paulo Guedes. Vou continuar batendo nesta tecla, porque acho que quem ganha at\u00e9 cinco [sal\u00e1rios] m\u00ednimos em grande parte, quase todo mundo tem o imposto retornado para eles, se a gente puder facilitar a vida deles. Seria muito bom no meu entender&#8221;, declarou o presidente.<\/p>\n","protected":false},"excerpt":{"rendered":"<p>J\u00e1 falei que n\u00e3o existe CPMF. O que ele quer mexer, tudo proposta, n\u00e3o vai depois dizer l\u00e1 na frente que eu recuei, tudo \u00e9&hellip; <\/p>\n","protected":false},"author":1,"featured_media":109562,"comment_status":"closed","ping_status":"closed","sticky":false,"template":"","format":"standard","meta":{"sfsi_plus_gutenberg_text_before_share":"","sfsi_plus_gutenberg_show_text_before_share":"","sfsi_plus_gutenberg_icon_type":"","sfsi_plus_gutenberg_icon_alignemt":"","sfsi_plus_gutenburg_max_per_row":"","footnotes":""},"categories":[11],"tags":[],"class_list":["post-109561","post","type-post","status-publish","format-standard","has-post-thumbnail","hentry","category-politica"],"_links":{"self":[{"href":"https:\/\/www.caririemacao.com\/1\/wp-json\/wp\/v2\/posts\/109561","targetHints":{"allow":["GET"]}}],"collection":[{"href":"https:\/\/www.caririemacao.com\/1\/wp-json\/wp\/v2\/posts"}],"about":[{"href":"https:\/\/www.caririemacao.com\/1\/wp-json\/wp\/v2\/types\/post"}],"author":[{"embeddable":true,"href":"https:\/\/www.caririemacao.com\/1\/wp-json\/wp\/v2\/users\/1"}],"replies":[{"embeddable":true,"href":"https:\/\/www.caririemacao.com\/1\/wp-json\/wp\/v2\/comments?post=109561"}],"version-history":[{"count":1,"href":"https:\/\/www.caririemacao.com\/1\/wp-json\/wp\/v2\/posts\/109561\/revisions"}],"predecessor-version":[{"id":109563,"href":"https:\/\/www.caririemacao.com\/1\/wp-json\/wp\/v2\/posts\/109561\/revisions\/109563"}],"wp:featuredmedia":[{"embeddable":true,"href":"https:\/\/www.caririemacao.com\/1\/wp-json\/wp\/v2\/media\/109562"}],"wp:attachment":[{"href":"https:\/\/www.caririemacao.com\/1\/wp-json\/wp\/v2\/media?parent=109561"}],"wp:term":[{"taxonomy":"category","embeddable":true,"href":"https:\/\/www.caririemacao.com\/1\/wp-json\/wp\/v2\/categories?post=109561"},{"taxonomy":"post_tag","embeddable":true,"href":"https:\/\/www.caririemacao.com\/1\/wp-json\/wp\/v2\/tags?post=109561"}],"curies":[{"name":"wp","href":"https:\/\/api.w.org\/{rel}","templated":true}]}}