{"id":109573,"date":"2019-08-09T15:33:13","date_gmt":"2019-08-09T18:33:13","guid":{"rendered":"http:\/\/www.caririemacao.com\/1\/?p=109573"},"modified":"2019-08-09T15:33:13","modified_gmt":"2019-08-09T18:33:13","slug":"neymar-voltara-a-ser-feliz-quando-desfrutar-novamente-de-seu-jogo-diz-pai","status":"publish","type":"post","link":"https:\/\/www.caririemacao.com\/1\/2019\/08\/09\/neymar-voltara-a-ser-feliz-quando-desfrutar-novamente-de-seu-jogo-diz-pai\/","title":{"rendered":"Neymar voltar\u00e1 a ser feliz quando desfrutar novamente de seu jogo, diz pai"},"content":{"rendered":"\n<p>O pai de Neymar disse, em declara\u00e7\u00f5es publicadas pelo jornal espanhol AS, que o filho &#8220;voltar\u00e1 a ser feliz quando desfrutar novamente de seu jogo&#8221;.<\/p>\n\n\n\n<p>Segundo a publica\u00e7\u00e3o, a resposta foi dada em um contexto de pergunta sobre as duas equipes especuladas como poss\u00edveis destinos de Neymar: Real Madrid ou Barcelona.<br>Por\u00e9m, a reportagem diz que as palavras foram uma reitera\u00e7\u00e3o de uma resposta anterior, o que indica que a declara\u00e7\u00e3o est\u00e1 mais relacionada a um desejo de Neymar voltar logo aos gramados do que a um contexto de mudan\u00e7a de clube. O atacante do PSG n\u00e3o disputa uma partida desde junho por causa de uma les\u00e3o.<\/p>\n\n\n\n<p>Vale ressaltar que a palavra &#8220;disfrutar&#8221; (desfrutar, em portugu\u00eas) \u00e9 bastante utilizada em espanhol e tem uma conota\u00e7\u00e3o pr\u00f3xima a &#8220;aproveitar&#8221; e &#8220;se divertir&#8221;, express\u00f5es mais utilizadas em portugu\u00eas.<\/p>\n\n\n\n<p>Sobre o tempo afastado dos gramados, o pai de Neymar disse que o filho &#8220;n\u00e3o joga futebol h\u00e1 algum tempo devido \u00e0 les\u00e3o que o mant\u00e9m fora de campo desde junho, mas adquiriu grande for\u00e7a para superar os problemas&#8221;.<\/p>\n\n\n\n<p>Ainda segundo o AS, o pai de Neymar usou palavras semelhantes para dizer sobre o momento que o filho passa fora dos gramados. Ele foi acusado de estupro pela modelo Najila Trindade, mas o inqu\u00e9rito foi arquivado. &#8220;A vida e o futebol o ensinaram a ser uma pessoa muito forte em momentos complicados&#8221;.<\/p>\n\n\n\n<p>Neymar n\u00e3o jogou na pr\u00e9-temporada do PSG, mas j\u00e1 est\u00e1 treinando com o elenco depois que se recuperou da les\u00e3o que o tirou da Copa Am\u00e9rica.<\/p>\n\n\n\n<p>O PSG estreia no Campeonato Franc\u00eas neste domingo (11), contra o Nimes. O t\u00e9cnico Thomas Tuchel ainda n\u00e3o divulgou os relacionados e existe a expectativa sobre a presen\u00e7a de Neymar, que j\u00e1 avisou ao clube que espera ser negociado nesta janela de transfer\u00eancias.<\/p>\n","protected":false},"excerpt":{"rendered":"<p>O pai de Neymar disse, em declara\u00e7\u00f5es publicadas pelo jornal espanhol AS, que o filho &#8220;voltar\u00e1 a ser feliz quando desfrutar novamente de seu jogo&#8221;.&hellip; <\/p>\n","protected":false},"author":1,"featured_media":21290,"comment_status":"closed","ping_status":"closed","sticky":false,"template":"","format":"standard","meta":{"sfsi_plus_gutenberg_text_before_share":"","sfsi_plus_gutenberg_show_text_before_share":"","sfsi_plus_gutenberg_icon_type":"","sfsi_plus_gutenberg_icon_alignemt":"","sfsi_plus_gutenburg_max_per_row":"","footnotes":""},"categories":[2],"tags":[],"class_list":["post-109573","post","type-post","status-publish","format-standard","has-post-thumbnail","hentry","category-geral"],"_links":{"self":[{"href":"https:\/\/www.caririemacao.com\/1\/wp-json\/wp\/v2\/posts\/109573","targetHints":{"allow":["GET"]}}],"collection":[{"href":"https:\/\/www.caririemacao.com\/1\/wp-json\/wp\/v2\/posts"}],"about":[{"href":"https:\/\/www.caririemacao.com\/1\/wp-json\/wp\/v2\/types\/post"}],"author":[{"embeddable":true,"href":"https:\/\/www.caririemacao.com\/1\/wp-json\/wp\/v2\/users\/1"}],"replies":[{"embeddable":true,"href":"https:\/\/www.caririemacao.com\/1\/wp-json\/wp\/v2\/comments?post=109573"}],"version-history":[{"count":1,"href":"https:\/\/www.caririemacao.com\/1\/wp-json\/wp\/v2\/posts\/109573\/revisions"}],"predecessor-version":[{"id":109574,"href":"https:\/\/www.caririemacao.com\/1\/wp-json\/wp\/v2\/posts\/109573\/revisions\/109574"}],"wp:featuredmedia":[{"embeddable":true,"href":"https:\/\/www.caririemacao.com\/1\/wp-json\/wp\/v2\/media\/21290"}],"wp:attachment":[{"href":"https:\/\/www.caririemacao.com\/1\/wp-json\/wp\/v2\/media?parent=109573"}],"wp:term":[{"taxonomy":"category","embeddable":true,"href":"https:\/\/www.caririemacao.com\/1\/wp-json\/wp\/v2\/categories?post=109573"},{"taxonomy":"post_tag","embeddable":true,"href":"https:\/\/www.caririemacao.com\/1\/wp-json\/wp\/v2\/tags?post=109573"}],"curies":[{"name":"wp","href":"https:\/\/api.w.org\/{rel}","templated":true}]}}