{"id":109584,"date":"2019-08-09T21:51:46","date_gmt":"2019-08-10T00:51:46","guid":{"rendered":"http:\/\/www.caririemacao.com\/1\/?p=109584"},"modified":"2019-08-09T21:51:46","modified_gmt":"2019-08-10T00:51:46","slug":"em-sumeescola-maria-leite-rafael-promove-evento-para-pais-de-alunos","status":"publish","type":"post","link":"https:\/\/www.caririemacao.com\/1\/2019\/08\/09\/em-sumeescola-maria-leite-rafael-promove-evento-para-pais-de-alunos\/","title":{"rendered":"Em Sum\u00e9:Escola Maria Leite Rafael promove evento para pais de alunos"},"content":{"rendered":"\n<figure class=\"wp-block-image\"><img fetchpriority=\"high\" decoding=\"async\" width=\"720\" height=\"478\" src=\"http:\/\/www.caririemacao.com\/1\/wp-content\/uploads\/2019\/08\/FB_IMG_1565398098609.jpg\" alt=\"\" class=\"wp-image-109585\" srcset=\"https:\/\/www.caririemacao.com\/1\/wp-content\/uploads\/2019\/08\/FB_IMG_1565398098609.jpg 720w, https:\/\/www.caririemacao.com\/1\/wp-content\/uploads\/2019\/08\/FB_IMG_1565398098609-300x199.jpg 300w\" sizes=\"(max-width: 720px) 100vw, 720px\" \/><\/figure>\n\n\n\n<p>O Programa Sa\u00fade na Escola, desenvolvido em Sum\u00e9 atrav\u00e9s de uma parceria intersetorial das Secretarias de Sa\u00fade e de Educa\u00e7\u00e3o, realizou um evento alusivo ao Dia da Fam\u00edlia, com o tema: &#8220;Para quem cuida de mim!&#8221;<br>Na ocasi\u00e3o, os pais dos alunos estiveram na escola e dialogaram com os gestores e professores sobre a situa\u00e7\u00e3o dos filhos, a import\u00e2ncia da participa\u00e7\u00e3o na vida escolar entre outros temas.<\/p>\n\n\n\n<p>No evento, foram desenvolvidas oficinas de zumba, artesanato, alongamento e servi\u00e7os de assist\u00eancias de sa\u00fade \u00e0s fam\u00edlias.<\/p>\n\n\n\n<p>A a\u00e7\u00e3o realizada contou ainda com a parceria da Secretaria de Obras e do Centro de Atendimento \u00e0s Mulheres do Cariri.<\/p>\n","protected":false},"excerpt":{"rendered":"<p>O Programa Sa\u00fade na Escola, desenvolvido em Sum\u00e9 atrav\u00e9s de uma parceria intersetorial das Secretarias de Sa\u00fade e de Educa\u00e7\u00e3o, realizou um evento alusivo ao&hellip; <\/p>\n","protected":false},"author":1,"featured_media":109586,"comment_status":"closed","ping_status":"closed","sticky":false,"template":"","format":"standard","meta":{"sfsi_plus_gutenberg_text_before_share":"","sfsi_plus_gutenberg_show_text_before_share":"","sfsi_plus_gutenberg_icon_type":"","sfsi_plus_gutenberg_icon_alignemt":"","sfsi_plus_gutenburg_max_per_row":"","footnotes":""},"categories":[2],"tags":[],"class_list":["post-109584","post","type-post","status-publish","format-standard","has-post-thumbnail","hentry","category-geral"],"_links":{"self":[{"href":"https:\/\/www.caririemacao.com\/1\/wp-json\/wp\/v2\/posts\/109584","targetHints":{"allow":["GET"]}}],"collection":[{"href":"https:\/\/www.caririemacao.com\/1\/wp-json\/wp\/v2\/posts"}],"about":[{"href":"https:\/\/www.caririemacao.com\/1\/wp-json\/wp\/v2\/types\/post"}],"author":[{"embeddable":true,"href":"https:\/\/www.caririemacao.com\/1\/wp-json\/wp\/v2\/users\/1"}],"replies":[{"embeddable":true,"href":"https:\/\/www.caririemacao.com\/1\/wp-json\/wp\/v2\/comments?post=109584"}],"version-history":[{"count":1,"href":"https:\/\/www.caririemacao.com\/1\/wp-json\/wp\/v2\/posts\/109584\/revisions"}],"predecessor-version":[{"id":109587,"href":"https:\/\/www.caririemacao.com\/1\/wp-json\/wp\/v2\/posts\/109584\/revisions\/109587"}],"wp:featuredmedia":[{"embeddable":true,"href":"https:\/\/www.caririemacao.com\/1\/wp-json\/wp\/v2\/media\/109586"}],"wp:attachment":[{"href":"https:\/\/www.caririemacao.com\/1\/wp-json\/wp\/v2\/media?parent=109584"}],"wp:term":[{"taxonomy":"category","embeddable":true,"href":"https:\/\/www.caririemacao.com\/1\/wp-json\/wp\/v2\/categories?post=109584"},{"taxonomy":"post_tag","embeddable":true,"href":"https:\/\/www.caririemacao.com\/1\/wp-json\/wp\/v2\/tags?post=109584"}],"curies":[{"name":"wp","href":"https:\/\/api.w.org\/{rel}","templated":true}]}}