{"id":109592,"date":"2019-08-10T08:03:20","date_gmt":"2019-08-10T11:03:20","guid":{"rendered":"http:\/\/www.caririemacao.com\/1\/?p=109592"},"modified":"2019-08-10T08:03:20","modified_gmt":"2019-08-10T11:03:20","slug":"prefeitura-de-zabele-promove-festa-em-homenagem-ao-dia-dos-pais","status":"publish","type":"post","link":"https:\/\/www.caririemacao.com\/1\/2019\/08\/10\/prefeitura-de-zabele-promove-festa-em-homenagem-ao-dia-dos-pais\/","title":{"rendered":"Prefeitura de Zabel\u00ea promove festa em homenagem ao Dia dos Pais"},"content":{"rendered":"\n<p>A Prefeitura Municipal de Zabel\u00ea, por meio da Secretaria Municipal de Educa\u00e7\u00e3o, realizou dois dias de festa para celebrar o Dia dos Pais. Na quinta-feira (08), a comemora\u00e7\u00e3o aconteceu na Escola Jos\u00e9 Henrique Neto. Hoje, sexta-feira (09), a celebra\u00e7\u00e3o foi realizada na Escola Maria Bezerra da Silva.<br>\u00a0Na presen\u00e7a do prefeito, Dalyson Neves (PSDB), e da secret\u00e1ria de educa\u00e7\u00e3o, Marleide Oliveira, entre outras autoridades, que integram a gest\u00e3o municipal, nas duas ocasi\u00f5es , os pais receberam homenagens por parte de alunos da rede municipal de ensino e de autoridades, inclusive com sorteio de brindes.\u00a0<br>No encerramento,\u00a0 todos os presentes puderam se confraternizar ainda mais com um delicioso lanche. Entendedor que &#8220;ser pai n\u00e3o \u00e9 s\u00f3 gerar uma vida, \u00e9 proteger, cuidar e amar&#8221;, o prefeito Dalyson Neves desejou, a todos, um Feliz Dia dos Pais.<br><\/p>\n","protected":false},"excerpt":{"rendered":"<p>A Prefeitura Municipal de Zabel\u00ea, por meio da Secretaria Municipal de Educa\u00e7\u00e3o, realizou dois dias de festa para celebrar o Dia dos Pais. Na quinta-feira&hellip; <\/p>\n","protected":false},"author":1,"featured_media":109593,"comment_status":"closed","ping_status":"closed","sticky":false,"template":"","format":"standard","meta":{"sfsi_plus_gutenberg_text_before_share":"","sfsi_plus_gutenberg_show_text_before_share":"","sfsi_plus_gutenberg_icon_type":"","sfsi_plus_gutenberg_icon_alignemt":"","sfsi_plus_gutenburg_max_per_row":"","footnotes":""},"categories":[2],"tags":[],"class_list":["post-109592","post","type-post","status-publish","format-standard","has-post-thumbnail","hentry","category-geral"],"_links":{"self":[{"href":"https:\/\/www.caririemacao.com\/1\/wp-json\/wp\/v2\/posts\/109592","targetHints":{"allow":["GET"]}}],"collection":[{"href":"https:\/\/www.caririemacao.com\/1\/wp-json\/wp\/v2\/posts"}],"about":[{"href":"https:\/\/www.caririemacao.com\/1\/wp-json\/wp\/v2\/types\/post"}],"author":[{"embeddable":true,"href":"https:\/\/www.caririemacao.com\/1\/wp-json\/wp\/v2\/users\/1"}],"replies":[{"embeddable":true,"href":"https:\/\/www.caririemacao.com\/1\/wp-json\/wp\/v2\/comments?post=109592"}],"version-history":[{"count":1,"href":"https:\/\/www.caririemacao.com\/1\/wp-json\/wp\/v2\/posts\/109592\/revisions"}],"predecessor-version":[{"id":109594,"href":"https:\/\/www.caririemacao.com\/1\/wp-json\/wp\/v2\/posts\/109592\/revisions\/109594"}],"wp:featuredmedia":[{"embeddable":true,"href":"https:\/\/www.caririemacao.com\/1\/wp-json\/wp\/v2\/media\/109593"}],"wp:attachment":[{"href":"https:\/\/www.caririemacao.com\/1\/wp-json\/wp\/v2\/media?parent=109592"}],"wp:term":[{"taxonomy":"category","embeddable":true,"href":"https:\/\/www.caririemacao.com\/1\/wp-json\/wp\/v2\/categories?post=109592"},{"taxonomy":"post_tag","embeddable":true,"href":"https:\/\/www.caririemacao.com\/1\/wp-json\/wp\/v2\/tags?post=109592"}],"curies":[{"name":"wp","href":"https:\/\/api.w.org\/{rel}","templated":true}]}}