{"id":109597,"date":"2019-08-10T08:05:44","date_gmt":"2019-08-10T11:05:44","guid":{"rendered":"http:\/\/www.caririemacao.com\/1\/?p=109597"},"modified":"2019-08-10T08:05:44","modified_gmt":"2019-08-10T11:05:44","slug":"sudema-classifica-10-praias-improprias-para-banho-neste-final-de-semana","status":"publish","type":"post","link":"https:\/\/www.caririemacao.com\/1\/2019\/08\/10\/sudema-classifica-10-praias-improprias-para-banho-neste-final-de-semana\/","title":{"rendered":"Sudema classifica 10 praias impr\u00f3prias para banho neste final de semana"},"content":{"rendered":"\n<p>A Superintend\u00eancia de Administra\u00e7\u00e3o do Meio Ambiente classificou 10 praias do litoral paraibano como impr\u00f3prias para banho, neste final de semana.&nbsp;As informa\u00e7\u00f5es s\u00e3o do relat\u00f3rio divulgado pelo \u00f3rg\u00e3o.<\/p>\n\n\n\n<p>Em contrapartida, o \u00f3rg\u00e3o classificou 68&nbsp;praias como pr\u00f3prias para o banho. Nelas, a qualidade varia entre excelente, muito boa e satisfat\u00f3ria.<br><\/p>\n\n\n\n<p><strong>Confira<\/strong><\/p>\n\n\n\n<p><strong>Jo\u00e3o Pessoa<\/strong><\/p>\n\n\n\n<p>Na Praia&nbsp;de Mana\u00edra, em frente ao N\u00b0 315 da Av. Jo\u00e3o Maur\u00edcio e no final da Avenida&nbsp;Ruy Carneiro.Na Praia do Cabo Branco, deve ser evitado o trecho&nbsp;no final da Rua \u00c1urea,&nbsp;em frente da rotat\u00f3ria do&nbsp;Cabo Branco e&nbsp;m frente a galeria de \u00e1guas pluviais.<\/p>\n\n\n\n<p>Na Praia do Seixas no final da Av. das Fal\u00e9sias.<\/p>\n\n\n\n<p><strong>Cabedelo<\/strong><\/p>\n\n\n\n<p>Na Praia do Jacar\u00e9, na margem direita do estu\u00e1rio do Rio Para\u00edba.<br><\/p>\n\n\n\n<p><strong>Pitimbu<\/strong><\/p>\n\n\n\n<p>Na Praia do Macei\u00f3, em frente \u00e0 desembocadura do Riacho Engenho Velho. Na Praia de Aca\u00fa\/Pontinha, em frente \u00e0 desembocadura do Rio Goiana, e na Praia Ponta dos Coqueiros, em frente a desembocadura da Lagoa.<\/p>\n","protected":false},"excerpt":{"rendered":"<p>A Superintend\u00eancia de Administra\u00e7\u00e3o do Meio Ambiente classificou 10 praias do litoral paraibano como impr\u00f3prias para banho, neste final de semana.&nbsp;As informa\u00e7\u00f5es s\u00e3o do relat\u00f3rio&hellip; <\/p>\n","protected":false},"author":1,"featured_media":109598,"comment_status":"closed","ping_status":"closed","sticky":false,"template":"","format":"standard","meta":{"sfsi_plus_gutenberg_text_before_share":"","sfsi_plus_gutenberg_show_text_before_share":"","sfsi_plus_gutenberg_icon_type":"","sfsi_plus_gutenberg_icon_alignemt":"","sfsi_plus_gutenburg_max_per_row":"","footnotes":""},"categories":[2],"tags":[],"class_list":["post-109597","post","type-post","status-publish","format-standard","has-post-thumbnail","hentry","category-geral"],"_links":{"self":[{"href":"https:\/\/www.caririemacao.com\/1\/wp-json\/wp\/v2\/posts\/109597","targetHints":{"allow":["GET"]}}],"collection":[{"href":"https:\/\/www.caririemacao.com\/1\/wp-json\/wp\/v2\/posts"}],"about":[{"href":"https:\/\/www.caririemacao.com\/1\/wp-json\/wp\/v2\/types\/post"}],"author":[{"embeddable":true,"href":"https:\/\/www.caririemacao.com\/1\/wp-json\/wp\/v2\/users\/1"}],"replies":[{"embeddable":true,"href":"https:\/\/www.caririemacao.com\/1\/wp-json\/wp\/v2\/comments?post=109597"}],"version-history":[{"count":1,"href":"https:\/\/www.caririemacao.com\/1\/wp-json\/wp\/v2\/posts\/109597\/revisions"}],"predecessor-version":[{"id":109599,"href":"https:\/\/www.caririemacao.com\/1\/wp-json\/wp\/v2\/posts\/109597\/revisions\/109599"}],"wp:featuredmedia":[{"embeddable":true,"href":"https:\/\/www.caririemacao.com\/1\/wp-json\/wp\/v2\/media\/109598"}],"wp:attachment":[{"href":"https:\/\/www.caririemacao.com\/1\/wp-json\/wp\/v2\/media?parent=109597"}],"wp:term":[{"taxonomy":"category","embeddable":true,"href":"https:\/\/www.caririemacao.com\/1\/wp-json\/wp\/v2\/categories?post=109597"},{"taxonomy":"post_tag","embeddable":true,"href":"https:\/\/www.caririemacao.com\/1\/wp-json\/wp\/v2\/tags?post=109597"}],"curies":[{"name":"wp","href":"https:\/\/api.w.org\/{rel}","templated":true}]}}