{"id":109602,"date":"2019-08-10T08:10:41","date_gmt":"2019-08-10T11:10:41","guid":{"rendered":"http:\/\/www.caririemacao.com\/1\/?p=109602"},"modified":"2019-08-10T08:10:41","modified_gmt":"2019-08-10T11:10:41","slug":"silvio-santos-pune-rachel-sheherazade-apos-polemica-com-carcereiros","status":"publish","type":"post","link":"https:\/\/www.caririemacao.com\/1\/2019\/08\/10\/silvio-santos-pune-rachel-sheherazade-apos-polemica-com-carcereiros\/","title":{"rendered":"Silvio Santos pune Rachel Sheherazade ap\u00f3s pol\u00eamica com carcereiros"},"content":{"rendered":"\n<p>Ap\u00f3s dar diversas opini\u00f5es pol\u00edticas contra o presidente Jair Bolsonaro (PSL), a jornalista Rachel Sheherazade foi punida por Silvio Santos. A \u00e2ncora do SBT Brasil deixar\u00e1 de apresentar o jornal \u00e0s sextas-feiras a partir de hoje, 9 de agosto.<\/p>\n\n\n\n<p>O caso aconteceu porque representantes do Sifuspesp (Sindicato dos Funcion\u00e1rios do Sistema Prisional do Estado de S\u00e3o Paulo) estiveram no SBT na \u00faltima segunda-feira, 5, para reclamar de um v\u00eddeo intitulado \u201cMonstros contra Monstros\u201d, no qual Rachel falou sobre o massacre no pres\u00eddio de Altamira, no interior do Par\u00e1, que resultou em 57 mortos, 16 por decapita\u00e7\u00e3o. Ela chamou os carcereiros de \u201cmonstros\u201d.<\/p>\n\n\n\n<p>Os representantes se irritaram com o discurso da jornalista em seu canal no YouTube, e exigiram que a emissora emitisse um comunicado oficial dizendo que n\u00e3o compactua com as opini\u00f5es expressadas por Sheherazade. O pedido de posicionamento n\u00e3o foi ouvido, mas Silvio Santos assistiu ao v\u00eddeo e decidiu punir a jornalista.<\/p>\n\n\n\n<p>\u201cPrimeiro por desrespeitar os agentes penitenci\u00e1rios do Estado de S\u00e3o Paulo e de todo o pa\u00eds ao generalizar a atua\u00e7\u00e3o de alguns como se representassem o todo\u201d, diz a carta.<\/p>\n\n\n\n<p>\u201cEm segundo lugar, ao generalizar o caso para desferir cr\u00edticas aos agentes penitenci\u00e1rios, a jornalista Rachel Sheherazade deixou de lado tanto o respeito \u00e0 categoria, como esqueceu o profissionalismo e um dever b\u00e1sico de todo jornalista: a checagem de informa\u00e7\u00e3o\u201d.<\/p>\n","protected":false},"excerpt":{"rendered":"<p>Ap\u00f3s dar diversas opini\u00f5es pol\u00edticas contra o presidente Jair Bolsonaro (PSL), a jornalista Rachel Sheherazade foi punida por Silvio Santos. A \u00e2ncora do SBT Brasil&hellip; <\/p>\n","protected":false},"author":1,"featured_media":109603,"comment_status":"closed","ping_status":"closed","sticky":false,"template":"","format":"standard","meta":{"sfsi_plus_gutenberg_text_before_share":"","sfsi_plus_gutenberg_show_text_before_share":"","sfsi_plus_gutenberg_icon_type":"","sfsi_plus_gutenberg_icon_alignemt":"","sfsi_plus_gutenburg_max_per_row":"","footnotes":""},"categories":[2],"tags":[],"class_list":["post-109602","post","type-post","status-publish","format-standard","has-post-thumbnail","hentry","category-geral"],"_links":{"self":[{"href":"https:\/\/www.caririemacao.com\/1\/wp-json\/wp\/v2\/posts\/109602","targetHints":{"allow":["GET"]}}],"collection":[{"href":"https:\/\/www.caririemacao.com\/1\/wp-json\/wp\/v2\/posts"}],"about":[{"href":"https:\/\/www.caririemacao.com\/1\/wp-json\/wp\/v2\/types\/post"}],"author":[{"embeddable":true,"href":"https:\/\/www.caririemacao.com\/1\/wp-json\/wp\/v2\/users\/1"}],"replies":[{"embeddable":true,"href":"https:\/\/www.caririemacao.com\/1\/wp-json\/wp\/v2\/comments?post=109602"}],"version-history":[{"count":1,"href":"https:\/\/www.caririemacao.com\/1\/wp-json\/wp\/v2\/posts\/109602\/revisions"}],"predecessor-version":[{"id":109604,"href":"https:\/\/www.caririemacao.com\/1\/wp-json\/wp\/v2\/posts\/109602\/revisions\/109604"}],"wp:featuredmedia":[{"embeddable":true,"href":"https:\/\/www.caririemacao.com\/1\/wp-json\/wp\/v2\/media\/109603"}],"wp:attachment":[{"href":"https:\/\/www.caririemacao.com\/1\/wp-json\/wp\/v2\/media?parent=109602"}],"wp:term":[{"taxonomy":"category","embeddable":true,"href":"https:\/\/www.caririemacao.com\/1\/wp-json\/wp\/v2\/categories?post=109602"},{"taxonomy":"post_tag","embeddable":true,"href":"https:\/\/www.caririemacao.com\/1\/wp-json\/wp\/v2\/tags?post=109602"}],"curies":[{"name":"wp","href":"https:\/\/api.w.org\/{rel}","templated":true}]}}