{"id":109637,"date":"2019-08-10T08:30:29","date_gmt":"2019-08-10T11:30:29","guid":{"rendered":"http:\/\/www.caririemacao.com\/1\/?p=109637"},"modified":"2019-08-10T08:30:29","modified_gmt":"2019-08-10T11:30:29","slug":"sancionada-lei-que-permite-familias-pobres-tirarem-escritura-sem-ter-o-habite-se","status":"publish","type":"post","link":"https:\/\/www.caririemacao.com\/1\/2019\/08\/10\/sancionada-lei-que-permite-familias-pobres-tirarem-escritura-sem-ter-o-habite-se\/","title":{"rendered":"Sancionada lei que permite fam\u00edlias pobres tirarem escritura sem ter o habite-se"},"content":{"rendered":"\n<p>&nbsp;presidente Jair Bolsonaro sancionou a lei que permite fam\u00edlias pobres obterem a escritura do im\u00f3vel onde moram antes de possuir o habite-se. A san\u00e7\u00e3o foi publicada nesta sexta-feira (9) no &#8220;Di\u00e1rio Oficial da Uni\u00e3o&#8221;.&nbsp;A lei foi aprovada no Senado em julho. Antes, j\u00e1 havia passado pela C\u00e2mara.&nbsp;<a href=\"http:\/\/www.in.gov.br\/en\/web\/dou\/-\/lei-n-13.865-de-8-de-agosto-de-2019-209848473\">Leia o texto da lei na \u00edntegra aqui.<\/a><\/p>\n\n\n\n<p>Pelo texto, a fam\u00edlia poder\u00e1 obter a escritura se j\u00e1 morar h\u00e1 pelo menos cinco anos no im\u00f3vel. Outro requisito \u00e9 que seja uma casa apenas de andar t\u00e9rreo.&nbsp;Uma vez de posse do documento, o dono poder\u00e1 vender o im\u00f3vel, se desejar.<\/p>\n\n\n\n<p>Quando o projeto passou pelo Senado, o presidente da Casa, Davi Alcolumbre (DEM-AP), estimou que a medida beneficiar\u00e1 7 milh\u00f5es de fam\u00edlias.<\/p>\n","protected":false},"excerpt":{"rendered":"<p>&nbsp;presidente Jair Bolsonaro sancionou a lei que permite fam\u00edlias pobres obterem a escritura do im\u00f3vel onde moram antes de possuir o habite-se. A san\u00e7\u00e3o foi&hellip; <\/p>\n","protected":false},"author":1,"featured_media":109638,"comment_status":"closed","ping_status":"closed","sticky":false,"template":"","format":"standard","meta":{"sfsi_plus_gutenberg_text_before_share":"","sfsi_plus_gutenberg_show_text_before_share":"","sfsi_plus_gutenberg_icon_type":"","sfsi_plus_gutenberg_icon_alignemt":"","sfsi_plus_gutenburg_max_per_row":"","footnotes":""},"categories":[11],"tags":[],"class_list":["post-109637","post","type-post","status-publish","format-standard","has-post-thumbnail","hentry","category-politica"],"_links":{"self":[{"href":"https:\/\/www.caririemacao.com\/1\/wp-json\/wp\/v2\/posts\/109637","targetHints":{"allow":["GET"]}}],"collection":[{"href":"https:\/\/www.caririemacao.com\/1\/wp-json\/wp\/v2\/posts"}],"about":[{"href":"https:\/\/www.caririemacao.com\/1\/wp-json\/wp\/v2\/types\/post"}],"author":[{"embeddable":true,"href":"https:\/\/www.caririemacao.com\/1\/wp-json\/wp\/v2\/users\/1"}],"replies":[{"embeddable":true,"href":"https:\/\/www.caririemacao.com\/1\/wp-json\/wp\/v2\/comments?post=109637"}],"version-history":[{"count":1,"href":"https:\/\/www.caririemacao.com\/1\/wp-json\/wp\/v2\/posts\/109637\/revisions"}],"predecessor-version":[{"id":109639,"href":"https:\/\/www.caririemacao.com\/1\/wp-json\/wp\/v2\/posts\/109637\/revisions\/109639"}],"wp:featuredmedia":[{"embeddable":true,"href":"https:\/\/www.caririemacao.com\/1\/wp-json\/wp\/v2\/media\/109638"}],"wp:attachment":[{"href":"https:\/\/www.caririemacao.com\/1\/wp-json\/wp\/v2\/media?parent=109637"}],"wp:term":[{"taxonomy":"category","embeddable":true,"href":"https:\/\/www.caririemacao.com\/1\/wp-json\/wp\/v2\/categories?post=109637"},{"taxonomy":"post_tag","embeddable":true,"href":"https:\/\/www.caririemacao.com\/1\/wp-json\/wp\/v2\/tags?post=109637"}],"curies":[{"name":"wp","href":"https:\/\/api.w.org\/{rel}","templated":true}]}}