{"id":109647,"date":"2019-08-10T08:36:08","date_gmt":"2019-08-10T11:36:08","guid":{"rendered":"http:\/\/www.caririemacao.com\/1\/?p=109647"},"modified":"2019-08-10T08:36:08","modified_gmt":"2019-08-10T11:36:08","slug":"em-camalau-sandro-moco-nao-teme-disputar-reeleicao-com-nenhum-nome-da-oposicao","status":"publish","type":"post","link":"https:\/\/www.caririemacao.com\/1\/2019\/08\/10\/em-camalau-sandro-moco-nao-teme-disputar-reeleicao-com-nenhum-nome-da-oposicao\/","title":{"rendered":"Em Camala\u00fa: Sandro M\u00f4co n\u00e3o teme disputar reelei\u00e7\u00e3o com nenhum nome da oposi\u00e7\u00e3o"},"content":{"rendered":"\n<p>O prefeito de Camala\u00fa, Sandro M\u00f4co, ap\u00f3s contato do Blog do Bruno Lira, nesta quarta-feira (24), expressou que o seu grupo pol\u00edtico est\u00e1 unido e que n\u00e3o teme disputar \u00e0 reelei\u00e7\u00e3o, em 2020, com nenhum nome da oposi\u00e7\u00e3o.\u00a0\u00a0\u201cNosso grupo est\u00e1 unido e trabalhando por Camala\u00fa. Eu n\u00e3o tenho gan\u00e2ncia por poder e deverei concorrer \u00e0 reelei\u00e7\u00e3o da mesma forma que fiz em 2016. Estou pronto para enfrentar qualquer nome da oposi\u00e7\u00e3o em 2020\u201d, ressaltou o prefeito Sandro M\u00f4co.<br><strong>Boa rela\u00e7\u00e3o com o vice-prefeito<\/strong><br>Sandro destacou a boa rela\u00e7\u00e3o com o vice-prefeito, Kiel e ressaltou que n\u00e3o existe nenhum motivo para a n\u00e3o perman\u00eancia da parceria com o vice-prefeito no pr\u00f3ximo pleito.<\/p>\n","protected":false},"excerpt":{"rendered":"<p>O prefeito de Camala\u00fa, Sandro M\u00f4co, ap\u00f3s contato do Blog do Bruno Lira, nesta quarta-feira (24), expressou que o seu grupo pol\u00edtico est\u00e1 unido e&hellip; <\/p>\n","protected":false},"author":1,"featured_media":29623,"comment_status":"closed","ping_status":"closed","sticky":false,"template":"","format":"standard","meta":{"sfsi_plus_gutenberg_text_before_share":"","sfsi_plus_gutenberg_show_text_before_share":"","sfsi_plus_gutenberg_icon_type":"","sfsi_plus_gutenberg_icon_alignemt":"","sfsi_plus_gutenburg_max_per_row":"","footnotes":""},"categories":[11],"tags":[],"class_list":["post-109647","post","type-post","status-publish","format-standard","has-post-thumbnail","hentry","category-politica"],"_links":{"self":[{"href":"https:\/\/www.caririemacao.com\/1\/wp-json\/wp\/v2\/posts\/109647","targetHints":{"allow":["GET"]}}],"collection":[{"href":"https:\/\/www.caririemacao.com\/1\/wp-json\/wp\/v2\/posts"}],"about":[{"href":"https:\/\/www.caririemacao.com\/1\/wp-json\/wp\/v2\/types\/post"}],"author":[{"embeddable":true,"href":"https:\/\/www.caririemacao.com\/1\/wp-json\/wp\/v2\/users\/1"}],"replies":[{"embeddable":true,"href":"https:\/\/www.caririemacao.com\/1\/wp-json\/wp\/v2\/comments?post=109647"}],"version-history":[{"count":1,"href":"https:\/\/www.caririemacao.com\/1\/wp-json\/wp\/v2\/posts\/109647\/revisions"}],"predecessor-version":[{"id":109648,"href":"https:\/\/www.caririemacao.com\/1\/wp-json\/wp\/v2\/posts\/109647\/revisions\/109648"}],"wp:featuredmedia":[{"embeddable":true,"href":"https:\/\/www.caririemacao.com\/1\/wp-json\/wp\/v2\/media\/29623"}],"wp:attachment":[{"href":"https:\/\/www.caririemacao.com\/1\/wp-json\/wp\/v2\/media?parent=109647"}],"wp:term":[{"taxonomy":"category","embeddable":true,"href":"https:\/\/www.caririemacao.com\/1\/wp-json\/wp\/v2\/categories?post=109647"},{"taxonomy":"post_tag","embeddable":true,"href":"https:\/\/www.caririemacao.com\/1\/wp-json\/wp\/v2\/tags?post=109647"}],"curies":[{"name":"wp","href":"https:\/\/api.w.org\/{rel}","templated":true}]}}