{"id":109650,"date":"2019-08-10T09:37:30","date_gmt":"2019-08-10T12:37:30","guid":{"rendered":"http:\/\/www.caririemacao.com\/1\/?p=109650"},"modified":"2019-08-10T09:37:30","modified_gmt":"2019-08-10T12:37:30","slug":"presenca-de-lula-na-pf-gera-rodizio-de-agentes-e-plantao-de-agrados","status":"publish","type":"post","link":"https:\/\/www.caririemacao.com\/1\/2019\/08\/10\/presenca-de-lula-na-pf-gera-rodizio-de-agentes-e-plantao-de-agrados\/","title":{"rendered":"Presen\u00e7a de Lula na PF gera rod\u00edzio de agentes e \u2018plant\u00e3o de agrados\u2019"},"content":{"rendered":"\n<p>No dia 14 de novembro de 2014 a Opera\u00e7\u00e3o Lava Jato deu um salto em import\u00e2ncia ao prender empreiteiros, lobistas, advogados, executivos e operadores financeiros.<\/p>\n\n\n\n<p>As seis pequenas celas da carceragem da sede da Pol\u00edcia Federal em Curitiba ficaram superlotadas com mais de 20 presos endinheirados, misturados a criminosos comuns que ali estavam por se envolver com tr\u00e1fico de drogas, contrabando e estelionato.<\/p>\n\n\n\n<p>O fluxo de visitantes e advogados na sede da PF aumentou significativamente desde ent\u00e3o. Mas nada comparado com o que aconteceria a partir de 7 de abril de 2018, quando a rotina da PF e da vizinhan\u00e7a seria alterada radicalmente.<\/p>\n\n\n\n<p>Lula est\u00e1 preso h\u00e1 um ano e quatro meses ap\u00f3s condena\u00e7\u00e3o em segunda inst\u00e2ncia na Lava Jato, acusado de aceitar a promessa de um tr\u00edplex em Guaruj\u00e1 como propina em troca de contratos da empreiteira OAS com a Petrobras.<\/p>\n\n\n\n<p>Um esquema especial foi montado para acomodar o ex-presidente no 4\u00ba andar do pr\u00e9dio. O local foi isolado e um aposento com banheiro foi adaptado para atender as exig\u00eancias de uma sala de Estado-maior, benef\u00edcio concedido pelo ent\u00e3o juiz federal Sergio Moro a Lula \u201cem aten\u00e7\u00e3o \u00e0 dignidade do cargo que ocupou\u201d.<\/p>\n\n\n\n<p>A cela onde vive o ex-presidente mede 15 metros quadrados e antes era usada como quarto de descanso de policiais em viagem a Curitiba. Ali Lula tem \u00e0 disposi\u00e7\u00e3o arm\u00e1rio, aparelho de TV, r\u00e1dio e esteira ergom\u00e9trica, onde faz caminhadas matinais.<\/p>\n\n\n\n<p>Um isopor \u00e9 usado para armazenar alimentos como presunto, queijo, sucos e frutas. No corredor, um pequeno frigobar fica a disposi\u00e7\u00e3o tanto de Lula quanto dos policiais que o escoltam.<\/p>\n\n\n\n<p>Sozinho no \u00faltimo andar do pr\u00e9dio, Lula \u00e9 vigiado por uma equipe de seguran\u00e7a exclusiva. S\u00e3o oito policiais requisitados de outras unidades da Pol\u00edcia Federal e que se revezam de dois em dois em plant\u00f5es de 24 horas por 72 horas de descanso.<\/p>\n\n\n\n<p>A cada 30 dias a equipe muda, o que impede que algum deles crie intimidade excessiva com o petista. Os agentes federais ficam de guarda no corredor, enquanto Lula, na maior parte do dia, est\u00e1 fechado no seu quarto.<\/p>\n\n\n\n<p>O normal \u00e9 que ele passe cerca de 22 horas do dia sem contato com algu\u00e9m.<\/p>\n\n\n\n<p>\u00c0s segundas, ter\u00e7as, quartas e sextas-feiras, o ex-presidente recebe duas vezes por dia em sua cela a visita de seus advogados \u2013uma hora durante a manh\u00e3 e uma hora \u00e0 tarde. Os presos comuns, na carceragem da PF, encontram seus advogados no parlat\u00f3rio.<\/p>\n\n\n\n<p>Nas quintas-feiras o ex-presidente recebe familiares. Permanece com eles do come\u00e7o da manh\u00e3 at\u00e9 o meio da tarde. Nas duas horas do final do dia ele recebe amigos.<\/p>\n\n\n\n<p>Os admiradores tamb\u00e9m demandam aten\u00e7\u00e3o dos funcion\u00e1rios e policiais federais. N\u00e3o \u00e9 raro que pessoas se apresentem na recep\u00e7\u00e3o da PF pedindo para enviar presentes e cartas para Lula.<\/p>\n\n\n\n<p>Recepcionistas e agentes gastam tempo explicando que o ex-presidente n\u00e3o pode receber agrados, sobretudo objetos como vasos de vidro, materiais com pontas cortantes e at\u00e9 bebidas alco\u00f3licas.<\/p>\n\n\n\n<p>Lula vai para o banho de sol em uma \u00e1rea antes usada como fum\u00f3dromo. Nessas horas \u00e9 preciso esvaziar o corredor para que o ex-presidente se desloque do 4\u00ba para o 3\u00ba andar. Ele desce uma escada, j\u00e1 que n\u00e3o h\u00e1 elevador entre esses andares.<\/p>\n\n\n\n<p>H\u00e1 preocupa\u00e7\u00e3o especial com a imagem de Lula. Antes de ele entrar no espa\u00e7o do banho de sol, um agente verifica se n\u00e3o h\u00e1 drones ou helic\u00f3pteros sobrevoando o espa\u00e7o com c\u00e2meras.<\/p>\n\n\n\n<p>Em nenhum momento Lula encontra outros presos, seja os da Lava Jato ou prisioneiros acusados de outros crimes. Eles tomam banho de sol num p\u00e1tio que fica do lado da carceragem, no 1\u00ba andar.<\/p>\n\n\n\n<p>Respons\u00e1vel pela solicita\u00e7\u00e3o de transfer\u00eancia de Lula para outra unidade prisional, o superintendente da PF no Paran\u00e1, Luciano Flores, argumenta no documento que ap\u00f3s a pris\u00e3o do ex-presidente \u201cdiversas pessoas passaram a se aglomerar no entorno da Sede da Pol\u00edcia Federal; que a presen\u00e7a de grupos antag\u00f4nicos passou a demandar atua\u00e7\u00e3o permanente dos \u00f3rg\u00e3os de seguran\u00e7a de forma a evitar confrontos, garantir a seguran\u00e7a dos cidad\u00e3os e das instala\u00e7\u00f5es; que toda a regi\u00e3o teve sua rotina alterada\u201d.<\/p>\n\n\n\n<p>Antes mesmo de Lula chegar ao Paran\u00e1 j\u00e1 havia militantes contra e a favor do presidente no entorno da sede da PF esperando sua chegada. Os apoiadores do petista montaram um acampamento num terreno baldio distante algumas quadras. Depois, alugaram um espa\u00e7o bem em frente ao pr\u00e9dio e l\u00e1 permanecem.<\/p>\n\n\n\n<p>Em epis\u00f3dios em que se enxergou a possibilidade de Lula ser colocado em liberdade, como numa decis\u00e3o do ministro do Supremo Tribunal Federal Marco Aur\u00e9lio Mello que, em dezembro de 2018, determinou que presos cumprindo pena antecipada por condena\u00e7\u00e3o em segunda inst\u00e2ncia fossem soltos, o entorno da PF foi tomado por manifestantes contra Lula.<\/p>\n\n\n\n<p>Em dias de protesto a seguran\u00e7a \u00e9 refor\u00e7ada e os grupos de apoiadores e opositores do petista s\u00e3o separados.<\/p>\n\n\n\n<p>A decis\u00e3o de Marco Aur\u00e9lio foi derrubada pelo presidente do STF, Dias Toffoli, e o dia terminou sem incidentes.<\/p>\n\n\n\n<p>O PT mant\u00e9m em Curitiba uma estrutura para dar apoio a Lula, que \u00e9 presidente de honra do partido.<\/p>\n\n\n\n<p>Desde o dia da pris\u00e3o est\u00e1 na cidade o cientista social Marco Aur\u00e9lio Ribeiro, que cuida da agenda do ex-presidente h\u00e1 cinco anos. Ribeiro \u00e9 respons\u00e1vel por organizar a correspond\u00eancia de Lula com os familiares, amigos, militantes e l\u00edderes de movimentos sociais.<\/p>\n\n\n\n<p>Ele recebe emails e cartas enviadas para Lula, organiza tudo e depois envia ao ex-presidente por meio do advogado que visita o petista.<\/p>\n\n\n\n<p>Na sa\u00edda, pega com o defensor as respostas de Lula e envia para os destinat\u00e1rios. Ele tamb\u00e9m mant\u00e9m o petista informado fazendo uma compila\u00e7\u00e3o de not\u00edcias de jornais, sites, revistas e artigos de opini\u00e3o.<\/p>\n\n\n\n<p>Demandas do cotidiano do ex-presidente, como roupas, material de higiene pessoal, toalhas e roupa de cama, ficam a cargo dos seguran\u00e7as de Lula. A equipe \u00e9 formada por oito militares do Gabinete de Seguran\u00e7a Institucional, uma prerrogativa para todo ex-presidente da Rep\u00fablica. Dois desses militares est\u00e3o sempre em Curitiba para fornecer o que Lula precisar.<\/p>\n","protected":false},"excerpt":{"rendered":"<p>No dia 14 de novembro de 2014 a Opera\u00e7\u00e3o Lava Jato deu um salto em import\u00e2ncia ao prender empreiteiros, lobistas, advogados, executivos e operadores financeiros.&hellip; <\/p>\n","protected":false},"author":1,"featured_media":94629,"comment_status":"closed","ping_status":"closed","sticky":false,"template":"","format":"standard","meta":{"sfsi_plus_gutenberg_text_before_share":"","sfsi_plus_gutenberg_show_text_before_share":"","sfsi_plus_gutenberg_icon_type":"","sfsi_plus_gutenberg_icon_alignemt":"","sfsi_plus_gutenburg_max_per_row":"","footnotes":""},"categories":[2],"tags":[],"class_list":["post-109650","post","type-post","status-publish","format-standard","has-post-thumbnail","hentry","category-geral"],"_links":{"self":[{"href":"https:\/\/www.caririemacao.com\/1\/wp-json\/wp\/v2\/posts\/109650","targetHints":{"allow":["GET"]}}],"collection":[{"href":"https:\/\/www.caririemacao.com\/1\/wp-json\/wp\/v2\/posts"}],"about":[{"href":"https:\/\/www.caririemacao.com\/1\/wp-json\/wp\/v2\/types\/post"}],"author":[{"embeddable":true,"href":"https:\/\/www.caririemacao.com\/1\/wp-json\/wp\/v2\/users\/1"}],"replies":[{"embeddable":true,"href":"https:\/\/www.caririemacao.com\/1\/wp-json\/wp\/v2\/comments?post=109650"}],"version-history":[{"count":1,"href":"https:\/\/www.caririemacao.com\/1\/wp-json\/wp\/v2\/posts\/109650\/revisions"}],"predecessor-version":[{"id":109651,"href":"https:\/\/www.caririemacao.com\/1\/wp-json\/wp\/v2\/posts\/109650\/revisions\/109651"}],"wp:featuredmedia":[{"embeddable":true,"href":"https:\/\/www.caririemacao.com\/1\/wp-json\/wp\/v2\/media\/94629"}],"wp:attachment":[{"href":"https:\/\/www.caririemacao.com\/1\/wp-json\/wp\/v2\/media?parent=109650"}],"wp:term":[{"taxonomy":"category","embeddable":true,"href":"https:\/\/www.caririemacao.com\/1\/wp-json\/wp\/v2\/categories?post=109650"},{"taxonomy":"post_tag","embeddable":true,"href":"https:\/\/www.caririemacao.com\/1\/wp-json\/wp\/v2\/tags?post=109650"}],"curies":[{"name":"wp","href":"https:\/\/api.w.org\/{rel}","templated":true}]}}